{"id":14493,"date":"2025-03-17T11:07:47","date_gmt":"2025-03-17T11:07:47","guid":{"rendered":"https:\/\/www.artenara.es\/portal-ciudadano\/?p=14493"},"modified":"2025-03-17T11:07:47","modified_gmt":"2025-03-17T11:07:47","slug":"curso-desa","status":"publish","type":"post","link":"https:\/\/www.artenara.es\/portal-ciudadano\/social\/curso-desa\/","title":{"rendered":"Curso DESA"},"content":{"rendered":"\n<p><strong>CURSO DE SOPORTE VITAL B\u00c1SICO Y DESFIBRILACI\u00d3N SEMIAUTOM\u00c1TICA (DESA)<\/strong><\/p>\n\n\n\n<p><strong>AULA DE FORMACI\u00d3N<\/strong><br><strong>De 16:00 h a 20:00 h<\/strong><\/p>\n\n\n\n<p><strong>FECHAS:<\/strong><br><em>Martes 22 y jueves 24 de abril<\/em> (Grupo 1)<br><em>Lunes 28 y martes 29 de abril<\/em> (Grupo 2)<\/p>\n\n\n\n<p><strong>Para m\u00e1s informaci\u00f3n e inscripci\u00f3n, hasta el viernes 4 de abril<\/strong>, en el Departamento de Servicios Sociales o llamando al  <strong>928 666 117 ext. 4<\/strong>.<\/p>\n\n\n\n<figure class=\"wp-block-image size-large\"><img loading=\"lazy\" width=\"724\" height=\"1024\" src=\"https:\/\/www.artenara.es\/portal-ciudadano\/wp-content\/uploads\/2025\/03\/CURSO-DE-SOPORTE-VITAL-BASICO-Y-DESFIBRILACION-SEMIAUTOMATICA-DESA-1-724x1024.jpg\" alt=\"\" class=\"wp-image-14494\" srcset=\"https:\/\/www.artenara.es\/portal-ciudadano\/wp-content\/uploads\/2025\/03\/CURSO-DE-SOPORTE-VITAL-BASICO-Y-DESFIBRILACION-SEMIAUTOMATICA-DESA-1-724x1024.jpg 724w, https:\/\/www.artenara.es\/portal-ciudadano\/wp-content\/uploads\/2025\/03\/CURSO-DE-SOPORTE-VITAL-BASICO-Y-DESFIBRILACION-SEMIAUTOMATICA-DESA-1-212x300.jpg 212w, https:\/\/www.artenara.es\/portal-ciudadano\/wp-content\/uploads\/2025\/03\/CURSO-DE-SOPORTE-VITAL-BASICO-Y-DESFIBRILACION-SEMIAUTOMATICA-DESA-1-763x1080.jpg 763w, https:\/\/www.artenara.es\/portal-ciudadano\/wp-content\/uploads\/2025\/03\/CURSO-DE-SOPORTE-VITAL-BASICO-Y-DESFIBRILACION-SEMIAUTOMATICA-DESA-1-768x1086.jpg 768w, https:\/\/www.artenara.es\/portal-ciudadano\/wp-content\/uploads\/2025\/03\/CURSO-DE-SOPORTE-VITAL-BASICO-Y-DESFIBRILACION-SEMIAUTOMATICA-DESA-1-1086x1536.jpg 1086w, https:\/\/www.artenara.es\/portal-ciudadano\/wp-content\/uploads\/2025\/03\/CURSO-DE-SOPORTE-VITAL-BASICO-Y-DESFIBRILACION-SEMIAUTOMATICA-DESA-1-1448x2048.jpg 1448w, https:\/\/www.artenara.es\/portal-ciudadano\/wp-content\/uploads\/2025\/03\/CURSO-DE-SOPORTE-VITAL-BASICO-Y-DESFIBRILACION-SEMIAUTOMATICA-DESA-1-418x591.jpg 418w, https:\/\/www.artenara.es\/portal-ciudadano\/wp-content\/uploads\/2025\/03\/CURSO-DE-SOPORTE-VITAL-BASICO-Y-DESFIBRILACION-SEMIAUTOMATICA-DESA-1.jpg 1587w\" sizes=\"(max-width: 724px) 100vw, 724px\" \/><\/figure>\n","protected":false},"excerpt":{"rendered":"<p>CURSO DE SOPORTE VITAL B\u00c1SICO Y DESFIBRILACI\u00d3N SEMIAUTOM\u00c1TICA (DESA) AULA DE FORMACI\u00d3NDe 16:00 h a 20:00 h FECHAS:Martes 22 y jueves 24 de abril (Grupo 1)Lunes 28 y martes 29 de abril (Grupo 2) Para m\u00e1s informaci\u00f3n e inscripci\u00f3n, hasta el viernes 4 de abril, en el Departamento de Servicios Sociales o llamando al 928 &hellip;<\/p>\n","protected":false},"author":4,"featured_media":14494,"comment_status":"closed","ping_status":"open","sticky":false,"template":"","format":"standard","meta":[],"categories":[3],"tags":[],"_links":{"self":[{"href":"https:\/\/www.artenara.es\/portal-ciudadano\/wp-json\/wp\/v2\/posts\/14493"}],"collection":[{"href":"https:\/\/www.artenara.es\/portal-ciudadano\/wp-json\/wp\/v2\/posts"}],"about":[{"href":"https:\/\/www.artenara.es\/portal-ciudadano\/wp-json\/wp\/v2\/types\/post"}],"author":[{"embeddable":true,"href":"https:\/\/www.artenara.es\/portal-ciudadano\/wp-json\/wp\/v2\/users\/4"}],"replies":[{"embeddable":true,"href":"https:\/\/www.artenara.es\/portal-ciudadano\/wp-json\/wp\/v2\/comments?post=14493"}],"version-history":[{"count":1,"href":"https:\/\/www.artenara.es\/portal-ciudadano\/wp-json\/wp\/v2\/posts\/14493\/revisions"}],"predecessor-version":[{"id":14495,"href":"https:\/\/www.artenara.es\/portal-ciudadano\/wp-json\/wp\/v2\/posts\/14493\/revisions\/14495"}],"wp:featuredmedia":[{"embeddable":true,"href":"https:\/\/www.artenara.es\/portal-ciudadano\/wp-json\/wp\/v2\/media\/14494"}],"wp:attachment":[{"href":"https:\/\/www.artenara.es\/portal-ciudadano\/wp-json\/wp\/v2\/media?parent=14493"}],"wp:term":[{"taxonomy":"category","embeddable":true,"href":"https:\/\/www.artenara.es\/portal-ciudadano\/wp-json\/wp\/v2\/categories?post=14493"},{"taxonomy":"post_tag","embeddable":true,"href":"https:\/\/www.artenara.es\/portal-ciudadano\/wp-json\/wp\/v2\/tags?post=14493"}],"curies":[{"name":"wp","href":"https:\/\/api.w.org\/{rel}","templated":true}]}}