{"id":14520,"date":"2025-03-20T10:08:37","date_gmt":"2025-03-20T10:08:37","guid":{"rendered":"https:\/\/www.artenara.es\/portal-ciudadano\/?p=14520"},"modified":"2025-03-20T10:08:39","modified_gmt":"2025-03-20T10:08:39","slug":"jornadas-de-puertas-abiertas-en-el-ceip-artenara","status":"publish","type":"post","link":"https:\/\/www.artenara.es\/portal-ciudadano\/social\/jornadas-de-puertas-abiertas-en-el-ceip-artenara\/","title":{"rendered":"Jornadas de Puertas Abiertas en el CEIP Artenara"},"content":{"rendered":"\n<p>Desde el CEIP Artenara se invita a todas las familias a la Jornada de Puertas Abiertas.<br>Un evento especial donde podr\u00e1n conocer las instalaciones, equipo docente y el proyecto educativo que ofrecen a los alumnos y alumnas.<\/p>\n\n\n\n<p>\ud83d\udcc5 Fecha: Martes 25 de marzo de 2025.<br>\ud83d\udd58 Hora: de 11:30h a 12:30h y de 15:00h a 16:00h.<br>\ud83d\udccd Lugar: CEIP Artenara<br>\ud83d\udd39 Confirma tu asistencia llamando al 928393023 o escribiendo a 35000331@gobiernodecanarias.org<\/p>\n\n\n\n<p>El CEIP Artenara cuenta con un aula infantil de 1 y 2 a\u00f1os. Esta aula es una oportunidad \u00fanica, para que las y los beb\u00e9s aprendan y sociabilicen en un entorno rural, dentro de un grupo reducido y con una atenci\u00f3n especializada y muy cercana. \u00a1Adem\u00e1s de todos los servicios y proyectos que tiene el CEIP!<\/p>\n\n\n\n<figure class=\"wp-block-image size-large\"><img loading=\"lazy\" width=\"1024\" height=\"576\" src=\"https:\/\/www.artenara.es\/portal-ciudadano\/wp-content\/uploads\/2025\/03\/WhatsApp-Image-2025-03-20-at-09.37.58-1024x576.jpeg\" alt=\"\" class=\"wp-image-14521\" srcset=\"https:\/\/www.artenara.es\/portal-ciudadano\/wp-content\/uploads\/2025\/03\/WhatsApp-Image-2025-03-20-at-09.37.58-1024x576.jpeg 1024w, https:\/\/www.artenara.es\/portal-ciudadano\/wp-content\/uploads\/2025\/03\/WhatsApp-Image-2025-03-20-at-09.37.58-300x169.jpeg 300w, https:\/\/www.artenara.es\/portal-ciudadano\/wp-content\/uploads\/2025\/03\/WhatsApp-Image-2025-03-20-at-09.37.58-768x432.jpeg 768w, https:\/\/www.artenara.es\/portal-ciudadano\/wp-content\/uploads\/2025\/03\/WhatsApp-Image-2025-03-20-at-09.37.58-1536x864.jpeg 1536w, https:\/\/www.artenara.es\/portal-ciudadano\/wp-content\/uploads\/2025\/03\/WhatsApp-Image-2025-03-20-at-09.37.58-158x88.jpeg 158w, https:\/\/www.artenara.es\/portal-ciudadano\/wp-content\/uploads\/2025\/03\/WhatsApp-Image-2025-03-20-at-09.37.58-418x235.jpeg 418w, https:\/\/www.artenara.es\/portal-ciudadano\/wp-content\/uploads\/2025\/03\/WhatsApp-Image-2025-03-20-at-09.37.58.jpeg 1600w\" sizes=\"(max-width: 1024px) 100vw, 1024px\" \/><\/figure>\n","protected":false},"excerpt":{"rendered":"<p>Desde el CEIP Artenara se invita a todas las familias a la Jornada de Puertas Abiertas.Un evento especial donde podr\u00e1n conocer las instalaciones, equipo docente y el proyecto educativo que ofrecen a los alumnos y alumnas. \ud83d\udcc5 Fecha: Martes 25 de marzo de 2025.\ud83d\udd58 Hora: de 11:30h a 12:30h y de 15:00h a 16:00h.\ud83d\udccd Lugar: &hellip;<\/p>\n","protected":false},"author":4,"featured_media":14521,"comment_status":"closed","ping_status":"open","sticky":false,"template":"","format":"standard","meta":[],"categories":[451,3],"tags":[],"_links":{"self":[{"href":"https:\/\/www.artenara.es\/portal-ciudadano\/wp-json\/wp\/v2\/posts\/14520"}],"collection":[{"href":"https:\/\/www.artenara.es\/portal-ciudadano\/wp-json\/wp\/v2\/posts"}],"about":[{"href":"https:\/\/www.artenara.es\/portal-ciudadano\/wp-json\/wp\/v2\/types\/post"}],"author":[{"embeddable":true,"href":"https:\/\/www.artenara.es\/portal-ciudadano\/wp-json\/wp\/v2\/users\/4"}],"replies":[{"embeddable":true,"href":"https:\/\/www.artenara.es\/portal-ciudadano\/wp-json\/wp\/v2\/comments?post=14520"}],"version-history":[{"count":1,"href":"https:\/\/www.artenara.es\/portal-ciudadano\/wp-json\/wp\/v2\/posts\/14520\/revisions"}],"predecessor-version":[{"id":14522,"href":"https:\/\/www.artenara.es\/portal-ciudadano\/wp-json\/wp\/v2\/posts\/14520\/revisions\/14522"}],"wp:featuredmedia":[{"embeddable":true,"href":"https:\/\/www.artenara.es\/portal-ciudadano\/wp-json\/wp\/v2\/media\/14521"}],"wp:attachment":[{"href":"https:\/\/www.artenara.es\/portal-ciudadano\/wp-json\/wp\/v2\/media?parent=14520"}],"wp:term":[{"taxonomy":"category","embeddable":true,"href":"https:\/\/www.artenara.es\/portal-ciudadano\/wp-json\/wp\/v2\/categories?post=14520"},{"taxonomy":"post_tag","embeddable":true,"href":"https:\/\/www.artenara.es\/portal-ciudadano\/wp-json\/wp\/v2\/tags?post=14520"}],"curies":[{"name":"wp","href":"https:\/\/api.w.org\/{rel}","templated":true}]}}