{"id":14536,"date":"2025-03-21T10:10:13","date_gmt":"2025-03-21T10:10:13","guid":{"rendered":"https:\/\/www.artenara.es\/portal-ciudadano\/?p=14536"},"modified":"2025-03-21T10:20:01","modified_gmt":"2025-03-21T10:20:01","slug":"acreditacion-para-circular-el-24-y-25-abril","status":"publish","type":"post","link":"https:\/\/www.artenara.es\/portal-ciudadano\/social\/acreditacion-para-circular-el-24-y-25-abril\/","title":{"rendered":"ACREDITACI\u00d3N PARA PODER CIRCULAR EL 24 Y 25 DE ABRIL"},"content":{"rendered":"\n<p><strong>Se informa a los vecinos y vecinas que los d\u00edas 24 y 25 de abril se llevar\u00e1n a cabo cortes en la GC-21 con motivo del evento deportivo \ud83c\udfc1 Rally Islas Canarias.<\/strong><br>El jueves 24 de abril la carretera Valleseco-Artenara se cortar\u00e1 a partir de las 22:00 h., vi\u00e9ndose afectada la entrada del municipio, por lo que, para poder acceder a sus domicilios, <strong>los residentes empadronados o titulares de vivienda deber\u00e1n contar con una acreditaci\u00f3n para poder circular.<\/strong><br>A partir de las 07:00 h. del 25 de abril, hasta la finalizaci\u00f3n de la prueba, queda PROHIBIDO circular.<\/p>\n\n\n\n<p><strong>\ud83d\udcdd La solicitud de acreditaci\u00f3n podr\u00e1 realizarse llamando al \ud83d\udcde 928 666 117 ext. 13, desde el lunes 24 de marzo hasta el lunes 7 de abril en horario de 08:00 a 14:00 horas.<\/strong><\/p>\n\n\n\n<p>\ud83d\udd17 En el siguiente enlace encontrar\u00e1n toda la informaci\u00f3n sobre c\u00f3mo solicitar la acreditaci\u00f3n correspondiente, as\u00ed como su uso:<br>https:\/\/www.artenara.es\/portal-ciudadano\/juventud\/procedimiento-y-uso-de-la-acreditacion\/<\/p>\n\n\n\n<p>\ud83d\udd17 Mas informaci\u00f3n sobre el tramo SS2\/SS5 VALLESECO \u2013 ARTENARA:<br>https:\/\/www.rallyislascanarias.com\/index.php\/es\/noticias3\/item\/389-conoce-valleseco-artenara-la-segunda-y-quinta-especial-del-rally-islas-canarias-rally-de-espana<\/p>\n","protected":false},"excerpt":{"rendered":"<p>Se informa a los vecinos y vecinas que los d\u00edas 24 y 25 de abril se llevar\u00e1n a cabo cortes en la GC-21 con motivo del evento deportivo \ud83c\udfc1 Rally Islas Canarias.El jueves 24 de abril la carretera Valleseco-Artenara se cortar\u00e1 a partir de las 22:00 h., vi\u00e9ndose afectada la entrada del municipio, por lo &hellip;<\/p>\n","protected":false},"author":4,"featured_media":14530,"comment_status":"closed","ping_status":"open","sticky":false,"template":"","format":"standard","meta":[],"categories":[3],"tags":[],"_links":{"self":[{"href":"https:\/\/www.artenara.es\/portal-ciudadano\/wp-json\/wp\/v2\/posts\/14536"}],"collection":[{"href":"https:\/\/www.artenara.es\/portal-ciudadano\/wp-json\/wp\/v2\/posts"}],"about":[{"href":"https:\/\/www.artenara.es\/portal-ciudadano\/wp-json\/wp\/v2\/types\/post"}],"author":[{"embeddable":true,"href":"https:\/\/www.artenara.es\/portal-ciudadano\/wp-json\/wp\/v2\/users\/4"}],"replies":[{"embeddable":true,"href":"https:\/\/www.artenara.es\/portal-ciudadano\/wp-json\/wp\/v2\/comments?post=14536"}],"version-history":[{"count":2,"href":"https:\/\/www.artenara.es\/portal-ciudadano\/wp-json\/wp\/v2\/posts\/14536\/revisions"}],"predecessor-version":[{"id":14539,"href":"https:\/\/www.artenara.es\/portal-ciudadano\/wp-json\/wp\/v2\/posts\/14536\/revisions\/14539"}],"wp:featuredmedia":[{"embeddable":true,"href":"https:\/\/www.artenara.es\/portal-ciudadano\/wp-json\/wp\/v2\/media\/14530"}],"wp:attachment":[{"href":"https:\/\/www.artenara.es\/portal-ciudadano\/wp-json\/wp\/v2\/media?parent=14536"}],"wp:term":[{"taxonomy":"category","embeddable":true,"href":"https:\/\/www.artenara.es\/portal-ciudadano\/wp-json\/wp\/v2\/categories?post=14536"},{"taxonomy":"post_tag","embeddable":true,"href":"https:\/\/www.artenara.es\/portal-ciudadano\/wp-json\/wp\/v2\/tags?post=14536"}],"curies":[{"name":"wp","href":"https:\/\/api.w.org\/{rel}","templated":true}]}}