{"id":14590,"date":"2025-04-16T12:04:53","date_gmt":"2025-04-16T12:04:53","guid":{"rendered":"https:\/\/www.artenara.es\/portal-ciudadano\/?p=14590"},"modified":"2025-04-16T12:04:55","modified_gmt":"2025-04-16T12:04:55","slug":"excursion-a-los-lagos-de-taurito","status":"publish","type":"post","link":"https:\/\/www.artenara.es\/portal-ciudadano\/social\/excursion-a-los-lagos-de-taurito\/","title":{"rendered":"Excursi\u00f3n a los Lagos de Taurito."},"content":{"rendered":"\n<p>\ud83d\udcc5S\u00e1bado 17 de Mayo.<br>\ud83d\udce3M\u00e1s informaci\u00f3n e Inscripci\u00f3n en el Departamento de Servicios Sociales, de Lunes a Viernes, en horario de 8:00 a 14:00 horas, <strong>previo pago del coste de la entrada para reservar la plaza.<\/strong><br>Plazas Limitadas.<br>Preferencia Empadronados\/as.<\/p>\n\n\n\n<figure class=\"wp-block-image size-large\"><img loading=\"lazy\" width=\"724\" height=\"1024\" src=\"https:\/\/www.artenara.es\/portal-ciudadano\/wp-content\/uploads\/2025\/04\/Excursion-Lagos-de-Taurito-17.04.2025-724x1024.jpg\" alt=\"\" class=\"wp-image-14591\" srcset=\"https:\/\/www.artenara.es\/portal-ciudadano\/wp-content\/uploads\/2025\/04\/Excursion-Lagos-de-Taurito-17.04.2025-724x1024.jpg 724w, https:\/\/www.artenara.es\/portal-ciudadano\/wp-content\/uploads\/2025\/04\/Excursion-Lagos-de-Taurito-17.04.2025-212x300.jpg 212w, https:\/\/www.artenara.es\/portal-ciudadano\/wp-content\/uploads\/2025\/04\/Excursion-Lagos-de-Taurito-17.04.2025-764x1080.jpg 764w, https:\/\/www.artenara.es\/portal-ciudadano\/wp-content\/uploads\/2025\/04\/Excursion-Lagos-de-Taurito-17.04.2025-768x1086.jpg 768w, https:\/\/www.artenara.es\/portal-ciudadano\/wp-content\/uploads\/2025\/04\/Excursion-Lagos-de-Taurito-17.04.2025-1086x1536.jpg 1086w, https:\/\/www.artenara.es\/portal-ciudadano\/wp-content\/uploads\/2025\/04\/Excursion-Lagos-de-Taurito-17.04.2025-418x591.jpg 418w, https:\/\/www.artenara.es\/portal-ciudadano\/wp-content\/uploads\/2025\/04\/Excursion-Lagos-de-Taurito-17.04.2025.jpg 1414w\" sizes=\"(max-width: 724px) 100vw, 724px\" \/><\/figure>\n","protected":false},"excerpt":{"rendered":"<p>\ud83d\udcc5S\u00e1bado 17 de Mayo.\ud83d\udce3M\u00e1s informaci\u00f3n e Inscripci\u00f3n en el Departamento de Servicios Sociales, de Lunes a Viernes, en horario de 8:00 a 14:00 horas, previo pago del coste de la entrada para reservar la plaza.Plazas Limitadas.Preferencia Empadronados\/as.<\/p>\n","protected":false},"author":4,"featured_media":14593,"comment_status":"closed","ping_status":"closed","sticky":false,"template":"","format":"standard","meta":[],"categories":[5,3],"tags":[],"_links":{"self":[{"href":"https:\/\/www.artenara.es\/portal-ciudadano\/wp-json\/wp\/v2\/posts\/14590"}],"collection":[{"href":"https:\/\/www.artenara.es\/portal-ciudadano\/wp-json\/wp\/v2\/posts"}],"about":[{"href":"https:\/\/www.artenara.es\/portal-ciudadano\/wp-json\/wp\/v2\/types\/post"}],"author":[{"embeddable":true,"href":"https:\/\/www.artenara.es\/portal-ciudadano\/wp-json\/wp\/v2\/users\/4"}],"replies":[{"embeddable":true,"href":"https:\/\/www.artenara.es\/portal-ciudadano\/wp-json\/wp\/v2\/comments?post=14590"}],"version-history":[{"count":1,"href":"https:\/\/www.artenara.es\/portal-ciudadano\/wp-json\/wp\/v2\/posts\/14590\/revisions"}],"predecessor-version":[{"id":14594,"href":"https:\/\/www.artenara.es\/portal-ciudadano\/wp-json\/wp\/v2\/posts\/14590\/revisions\/14594"}],"wp:featuredmedia":[{"embeddable":true,"href":"https:\/\/www.artenara.es\/portal-ciudadano\/wp-json\/wp\/v2\/media\/14593"}],"wp:attachment":[{"href":"https:\/\/www.artenara.es\/portal-ciudadano\/wp-json\/wp\/v2\/media?parent=14590"}],"wp:term":[{"taxonomy":"category","embeddable":true,"href":"https:\/\/www.artenara.es\/portal-ciudadano\/wp-json\/wp\/v2\/categories?post=14590"},{"taxonomy":"post_tag","embeddable":true,"href":"https:\/\/www.artenara.es\/portal-ciudadano\/wp-json\/wp\/v2\/tags?post=14590"}],"curies":[{"name":"wp","href":"https:\/\/api.w.org\/{rel}","templated":true}]}}