{"id":14610,"date":"2025-05-13T18:51:21","date_gmt":"2025-05-13T18:51:21","guid":{"rendered":"https:\/\/www.artenara.es\/portal-ciudadano\/?p=14610"},"modified":"2025-05-13T18:51:23","modified_gmt":"2025-05-13T18:51:23","slug":"san-isidro-labrador-2025","status":"publish","type":"post","link":"https:\/\/www.artenara.es\/portal-ciudadano\/cultura\/san-isidro-labrador-2025\/","title":{"rendered":"San Isidro Labrador 2025"},"content":{"rendered":"\n<p>\u00a1Ya est\u00e1n aqu\u00ed las Fiestas en honor a San Isidro Labrador 2025 en Artenara!<\/p>\n\n\n\n<p>Te invitamos a vivir un fin de semana lleno de tradici\u00f3n, m\u00fasica y alegr\u00eda los d\u00edas 24 y 25 de mayo.<\/p>\n\n\n\n<p>Ven con tu vestimenta t\u00edpica y forma parte de esta celebraci\u00f3n.<\/p>\n\n\n\n<figure class=\"wp-block-image size-large\"><img loading=\"lazy\" width=\"724\" height=\"1024\" src=\"https:\/\/www.artenara.es\/portal-ciudadano\/wp-content\/uploads\/2025\/05\/b9a322e1-a936-4bf6-bfa5-f67d127fbe28-724x1024.jpeg\" alt=\"\" class=\"wp-image-14611\" srcset=\"https:\/\/www.artenara.es\/portal-ciudadano\/wp-content\/uploads\/2025\/05\/b9a322e1-a936-4bf6-bfa5-f67d127fbe28-724x1024.jpeg 724w, https:\/\/www.artenara.es\/portal-ciudadano\/wp-content\/uploads\/2025\/05\/b9a322e1-a936-4bf6-bfa5-f67d127fbe28-212x300.jpeg 212w, https:\/\/www.artenara.es\/portal-ciudadano\/wp-content\/uploads\/2025\/05\/b9a322e1-a936-4bf6-bfa5-f67d127fbe28-763x1080.jpeg 763w, https:\/\/www.artenara.es\/portal-ciudadano\/wp-content\/uploads\/2025\/05\/b9a322e1-a936-4bf6-bfa5-f67d127fbe28-768x1086.jpeg 768w, https:\/\/www.artenara.es\/portal-ciudadano\/wp-content\/uploads\/2025\/05\/b9a322e1-a936-4bf6-bfa5-f67d127fbe28-1086x1536.jpeg 1086w, https:\/\/www.artenara.es\/portal-ciudadano\/wp-content\/uploads\/2025\/05\/b9a322e1-a936-4bf6-bfa5-f67d127fbe28-418x591.jpeg 418w, https:\/\/www.artenara.es\/portal-ciudadano\/wp-content\/uploads\/2025\/05\/b9a322e1-a936-4bf6-bfa5-f67d127fbe28.jpeg 1131w\" sizes=\"(max-width: 724px) 100vw, 724px\" \/><\/figure>\n","protected":false},"excerpt":{"rendered":"<p>\u00a1Ya est\u00e1n aqu\u00ed las Fiestas en honor a San Isidro Labrador 2025 en Artenara! Te invitamos a vivir un fin de semana lleno de tradici\u00f3n, m\u00fasica y alegr\u00eda los d\u00edas 24 y 25 de mayo. Ven con tu vestimenta t\u00edpica y forma parte de esta celebraci\u00f3n.<\/p>\n","protected":false},"author":4,"featured_media":14611,"comment_status":"closed","ping_status":"open","sticky":false,"template":"","format":"standard","meta":[],"categories":[6],"tags":[],"_links":{"self":[{"href":"https:\/\/www.artenara.es\/portal-ciudadano\/wp-json\/wp\/v2\/posts\/14610"}],"collection":[{"href":"https:\/\/www.artenara.es\/portal-ciudadano\/wp-json\/wp\/v2\/posts"}],"about":[{"href":"https:\/\/www.artenara.es\/portal-ciudadano\/wp-json\/wp\/v2\/types\/post"}],"author":[{"embeddable":true,"href":"https:\/\/www.artenara.es\/portal-ciudadano\/wp-json\/wp\/v2\/users\/4"}],"replies":[{"embeddable":true,"href":"https:\/\/www.artenara.es\/portal-ciudadano\/wp-json\/wp\/v2\/comments?post=14610"}],"version-history":[{"count":1,"href":"https:\/\/www.artenara.es\/portal-ciudadano\/wp-json\/wp\/v2\/posts\/14610\/revisions"}],"predecessor-version":[{"id":14612,"href":"https:\/\/www.artenara.es\/portal-ciudadano\/wp-json\/wp\/v2\/posts\/14610\/revisions\/14612"}],"wp:featuredmedia":[{"embeddable":true,"href":"https:\/\/www.artenara.es\/portal-ciudadano\/wp-json\/wp\/v2\/media\/14611"}],"wp:attachment":[{"href":"https:\/\/www.artenara.es\/portal-ciudadano\/wp-json\/wp\/v2\/media?parent=14610"}],"wp:term":[{"taxonomy":"category","embeddable":true,"href":"https:\/\/www.artenara.es\/portal-ciudadano\/wp-json\/wp\/v2\/categories?post=14610"},{"taxonomy":"post_tag","embeddable":true,"href":"https:\/\/www.artenara.es\/portal-ciudadano\/wp-json\/wp\/v2\/tags?post=14610"}],"curies":[{"name":"wp","href":"https:\/\/api.w.org\/{rel}","templated":true}]}}