{"id":14613,"date":"2025-05-14T11:14:33","date_gmt":"2025-05-14T11:14:33","guid":{"rendered":"https:\/\/www.artenara.es\/portal-ciudadano\/?p=14613"},"modified":"2025-05-14T11:14:34","modified_gmt":"2025-05-14T11:14:34","slug":"reconocimiento-al-municipio-de-artenara","status":"publish","type":"post","link":"https:\/\/www.artenara.es\/portal-ciudadano\/deportes\/reconocimiento-al-municipio-de-artenara\/","title":{"rendered":"Reconocimiento al municipio de Artenara"},"content":{"rendered":"\n<p><em>Artenara recibe reconocimiento en el Congreso Estatal sobre Deporte y Salud P\u00fablica<\/em><\/p>\n\n\n\n<p>Los d\u00edas 9 y 10 de mayo, se celebr\u00f3 en el Gran Canaria Arena de Las Palmas de Gran Canaria el Congreso Estatal sobre Estrategias de Integraci\u00f3n del Deporte en los Modelos de Salud P\u00fablica, un evento promovido por el Cabildo de Gran Canaria y organizado por el Consejo COLEF y COLEF Canarias, con el apoyo del Consejo Superior de Deportes, el Gobierno de Canarias y el Ayuntamiento de Las Palmas de Gran Canaria.<\/p>\n\n\n\n<p>El congreso, integrado en el marco del proyecto Gran Canaria Activa, reuni\u00f3 a profesionales del \u00e1mbito sanitario, deportivo e institucional para debatir y proponer estrategias que impulsen la prescripci\u00f3n de actividad f\u00edsica como herramienta de salud p\u00fablica.<\/p>\n\n\n\n<p>Durante el acto, se entregaron reconocimientos a diversas entidades y municipios participantes. Artenara estuvo presente con la asistencia del concejal D. Domingo Alberto D\u00edaz Perera, quien recogi\u00f3 un reconocimiento especial al municipio por su implicaci\u00f3n en esta iniciativa insular.<\/p>\n\n\n\n<p>Recordar que la actividad se sigue realizando lunes y mi\u00e9rcoles de 16:30 a 18:00 horas en el polideportivo municipal de Artenara.<\/p>\n\n\n\n<figure class=\"wp-block-gallery columns-2 is-cropped\"><ul class=\"blocks-gallery-grid\"><li class=\"blocks-gallery-item\"><figure><img loading=\"lazy\" width=\"1024\" height=\"683\" src=\"https:\/\/www.artenara.es\/portal-ciudadano\/wp-content\/uploads\/2025\/05\/DSC03245-1024x683.jpeg\" alt=\"\" data-id=\"14614\" data-full-url=\"https:\/\/www.artenara.es\/portal-ciudadano\/wp-content\/uploads\/2025\/05\/DSC03245-scaled.jpeg\" data-link=\"https:\/\/www.artenara.es\/portal-ciudadano\/?attachment_id=14614\" class=\"wp-image-14614\" srcset=\"https:\/\/www.artenara.es\/portal-ciudadano\/wp-content\/uploads\/2025\/05\/DSC03245-1024x683.jpeg 1024w, https:\/\/www.artenara.es\/portal-ciudadano\/wp-content\/uploads\/2025\/05\/DSC03245-300x200.jpeg 300w, https:\/\/www.artenara.es\/portal-ciudadano\/wp-content\/uploads\/2025\/05\/DSC03245-1620x1080.jpeg 1620w, https:\/\/www.artenara.es\/portal-ciudadano\/wp-content\/uploads\/2025\/05\/DSC03245-768x512.jpeg 768w, https:\/\/www.artenara.es\/portal-ciudadano\/wp-content\/uploads\/2025\/05\/DSC03245-1536x1024.jpeg 1536w, https:\/\/www.artenara.es\/portal-ciudadano\/wp-content\/uploads\/2025\/05\/DSC03245-2048x1365.jpeg 2048w, https:\/\/www.artenara.es\/portal-ciudadano\/wp-content\/uploads\/2025\/05\/DSC03245-418x279.jpeg 418w\" sizes=\"(max-width: 1024px) 100vw, 1024px\" \/><\/figure><\/li><li class=\"blocks-gallery-item\"><figure><img loading=\"lazy\" width=\"1024\" height=\"576\" src=\"https:\/\/www.artenara.es\/portal-ciudadano\/wp-content\/uploads\/2025\/05\/IMG_0293-1024x576.jpeg\" alt=\"\" data-id=\"14615\" data-full-url=\"https:\/\/www.artenara.es\/portal-ciudadano\/wp-content\/uploads\/2025\/05\/IMG_0293-scaled.jpeg\" data-link=\"https:\/\/www.artenara.es\/portal-ciudadano\/?attachment_id=14615\" class=\"wp-image-14615\" srcset=\"https:\/\/www.artenara.es\/portal-ciudadano\/wp-content\/uploads\/2025\/05\/IMG_0293-1024x576.jpeg 1024w, https:\/\/www.artenara.es\/portal-ciudadano\/wp-content\/uploads\/2025\/05\/IMG_0293-300x169.jpeg 300w, https:\/\/www.artenara.es\/portal-ciudadano\/wp-content\/uploads\/2025\/05\/IMG_0293-1920x1080.jpeg 1920w, https:\/\/www.artenara.es\/portal-ciudadano\/wp-content\/uploads\/2025\/05\/IMG_0293-768x432.jpeg 768w, https:\/\/www.artenara.es\/portal-ciudadano\/wp-content\/uploads\/2025\/05\/IMG_0293-1536x864.jpeg 1536w, https:\/\/www.artenara.es\/portal-ciudadano\/wp-content\/uploads\/2025\/05\/IMG_0293-2048x1152.jpeg 2048w, https:\/\/www.artenara.es\/portal-ciudadano\/wp-content\/uploads\/2025\/05\/IMG_0293-158x88.jpeg 158w, https:\/\/www.artenara.es\/portal-ciudadano\/wp-content\/uploads\/2025\/05\/IMG_0293-418x235.jpeg 418w\" sizes=\"(max-width: 1024px) 100vw, 1024px\" \/><\/figure><\/li><\/ul><\/figure>\n\n\n\n<p><\/p>\n","protected":false},"excerpt":{"rendered":"<p>Artenara recibe reconocimiento en el Congreso Estatal sobre Deporte y Salud P\u00fablica Los d\u00edas 9 y 10 de mayo, se celebr\u00f3 en el Gran Canaria Arena de Las Palmas de Gran Canaria el Congreso Estatal sobre Estrategias de Integraci\u00f3n del Deporte en los Modelos de Salud P\u00fablica, un evento promovido por el Cabildo de Gran &hellip;<\/p>\n","protected":false},"author":4,"featured_media":14614,"comment_status":"closed","ping_status":"open","sticky":false,"template":"","format":"standard","meta":[],"categories":[4],"tags":[],"_links":{"self":[{"href":"https:\/\/www.artenara.es\/portal-ciudadano\/wp-json\/wp\/v2\/posts\/14613"}],"collection":[{"href":"https:\/\/www.artenara.es\/portal-ciudadano\/wp-json\/wp\/v2\/posts"}],"about":[{"href":"https:\/\/www.artenara.es\/portal-ciudadano\/wp-json\/wp\/v2\/types\/post"}],"author":[{"embeddable":true,"href":"https:\/\/www.artenara.es\/portal-ciudadano\/wp-json\/wp\/v2\/users\/4"}],"replies":[{"embeddable":true,"href":"https:\/\/www.artenara.es\/portal-ciudadano\/wp-json\/wp\/v2\/comments?post=14613"}],"version-history":[{"count":1,"href":"https:\/\/www.artenara.es\/portal-ciudadano\/wp-json\/wp\/v2\/posts\/14613\/revisions"}],"predecessor-version":[{"id":14616,"href":"https:\/\/www.artenara.es\/portal-ciudadano\/wp-json\/wp\/v2\/posts\/14613\/revisions\/14616"}],"wp:featuredmedia":[{"embeddable":true,"href":"https:\/\/www.artenara.es\/portal-ciudadano\/wp-json\/wp\/v2\/media\/14614"}],"wp:attachment":[{"href":"https:\/\/www.artenara.es\/portal-ciudadano\/wp-json\/wp\/v2\/media?parent=14613"}],"wp:term":[{"taxonomy":"category","embeddable":true,"href":"https:\/\/www.artenara.es\/portal-ciudadano\/wp-json\/wp\/v2\/categories?post=14613"},{"taxonomy":"post_tag","embeddable":true,"href":"https:\/\/www.artenara.es\/portal-ciudadano\/wp-json\/wp\/v2\/tags?post=14613"}],"curies":[{"name":"wp","href":"https:\/\/api.w.org\/{rel}","templated":true}]}}