{"id":14871,"date":"2025-09-10T11:10:02","date_gmt":"2025-09-10T11:10:02","guid":{"rendered":"https:\/\/www.artenara.es\/portal-ciudadano\/?p=14871"},"modified":"2025-09-10T11:10:05","modified_gmt":"2025-09-10T11:10:05","slug":"clases-de-bailoterapia","status":"publish","type":"post","link":"https:\/\/www.artenara.es\/portal-ciudadano\/social\/clases-de-bailoterapia\/","title":{"rendered":"Clases de Bailoterapia"},"content":{"rendered":"\n<p>El Ayuntamiento de Artenara, a trav\u00e9s de la Concejal\u00eda de Igualdad, organiza <strong>clases de Bailoterapia<\/strong> los d\u00edas <strong>16 y 23 de septiembre<\/strong> a las <strong>18:00 horas<\/strong> en el <strong>Centro Cultural<\/strong>.<\/p>\n\n\n\n<p>La bailoterapia es una actividad que combina el ejercicio f\u00edsico con la m\u00fasica y el baile, promoviendo la diversi\u00f3n, la salud y el bienestar emocional.<\/p>\n\n\n\n<p>\u27a1\ufe0f <strong>Dirigido a mayores de 16 a\u00f1os<\/strong>.<br>\u27a1\ufe0f <strong>Inscripciones en el tel\u00e9fono 928 66 61 17 (Ext. 7)<\/strong>.<\/p>\n\n\n\n<p>\u00a1An\u00edmate a participar, mu\u00e9vete al ritmo de la m\u00fasica y disfruta de una experiencia llena de energ\u00eda positiva!<\/p>\n\n\n\n<figure class=\"wp-block-image size-large\"><img loading=\"lazy\" width=\"724\" height=\"1024\" src=\"https:\/\/www.artenara.es\/portal-ciudadano\/wp-content\/uploads\/2025\/09\/Cartel-724x1024.png\" alt=\"\" class=\"wp-image-14872\" srcset=\"https:\/\/www.artenara.es\/portal-ciudadano\/wp-content\/uploads\/2025\/09\/Cartel-724x1024.png 724w, https:\/\/www.artenara.es\/portal-ciudadano\/wp-content\/uploads\/2025\/09\/Cartel-212x300.png 212w, https:\/\/www.artenara.es\/portal-ciudadano\/wp-content\/uploads\/2025\/09\/Cartel-763x1080.png 763w, https:\/\/www.artenara.es\/portal-ciudadano\/wp-content\/uploads\/2025\/09\/Cartel-768x1086.png 768w, https:\/\/www.artenara.es\/portal-ciudadano\/wp-content\/uploads\/2025\/09\/Cartel-1086x1536.png 1086w, https:\/\/www.artenara.es\/portal-ciudadano\/wp-content\/uploads\/2025\/09\/Cartel-1448x2048.png 1448w, https:\/\/www.artenara.es\/portal-ciudadano\/wp-content\/uploads\/2025\/09\/Cartel-418x591.png 418w, https:\/\/www.artenara.es\/portal-ciudadano\/wp-content\/uploads\/2025\/09\/Cartel.png 1587w\" sizes=\"(max-width: 724px) 100vw, 724px\" \/><\/figure>\n","protected":false},"excerpt":{"rendered":"<p>El Ayuntamiento de Artenara, a trav\u00e9s de la Concejal\u00eda de Igualdad, organiza clases de Bailoterapia los d\u00edas 16 y 23 de septiembre a las 18:00 horas en el Centro Cultural. La bailoterapia es una actividad que combina el ejercicio f\u00edsico con la m\u00fasica y el baile, promoviendo la diversi\u00f3n, la salud y el bienestar emocional. &hellip;<\/p>\n","protected":false},"author":4,"featured_media":14872,"comment_status":"closed","ping_status":"open","sticky":false,"template":"","format":"standard","meta":[],"categories":[3],"tags":[],"_links":{"self":[{"href":"https:\/\/www.artenara.es\/portal-ciudadano\/wp-json\/wp\/v2\/posts\/14871"}],"collection":[{"href":"https:\/\/www.artenara.es\/portal-ciudadano\/wp-json\/wp\/v2\/posts"}],"about":[{"href":"https:\/\/www.artenara.es\/portal-ciudadano\/wp-json\/wp\/v2\/types\/post"}],"author":[{"embeddable":true,"href":"https:\/\/www.artenara.es\/portal-ciudadano\/wp-json\/wp\/v2\/users\/4"}],"replies":[{"embeddable":true,"href":"https:\/\/www.artenara.es\/portal-ciudadano\/wp-json\/wp\/v2\/comments?post=14871"}],"version-history":[{"count":1,"href":"https:\/\/www.artenara.es\/portal-ciudadano\/wp-json\/wp\/v2\/posts\/14871\/revisions"}],"predecessor-version":[{"id":14873,"href":"https:\/\/www.artenara.es\/portal-ciudadano\/wp-json\/wp\/v2\/posts\/14871\/revisions\/14873"}],"wp:featuredmedia":[{"embeddable":true,"href":"https:\/\/www.artenara.es\/portal-ciudadano\/wp-json\/wp\/v2\/media\/14872"}],"wp:attachment":[{"href":"https:\/\/www.artenara.es\/portal-ciudadano\/wp-json\/wp\/v2\/media?parent=14871"}],"wp:term":[{"taxonomy":"category","embeddable":true,"href":"https:\/\/www.artenara.es\/portal-ciudadano\/wp-json\/wp\/v2\/categories?post=14871"},{"taxonomy":"post_tag","embeddable":true,"href":"https:\/\/www.artenara.es\/portal-ciudadano\/wp-json\/wp\/v2\/tags?post=14871"}],"curies":[{"name":"wp","href":"https:\/\/api.w.org\/{rel}","templated":true}]}}