{"id":15105,"date":"2025-12-09T13:38:17","date_gmt":"2025-12-09T13:38:17","guid":{"rendered":"https:\/\/www.artenara.es\/portal-ciudadano\/?p=15105"},"modified":"2025-12-09T13:41:01","modified_gmt":"2025-12-09T13:41:01","slug":"%f0%9f%8e%84%e2%9c%a8-la-navidad-llega-a-artenara-%e2%9c%a8%f0%9f%8e%84","status":"publish","type":"post","link":"https:\/\/www.artenara.es\/portal-ciudadano\/eventos\/%f0%9f%8e%84%e2%9c%a8-la-navidad-llega-a-artenara-%e2%9c%a8%f0%9f%8e%84\/","title":{"rendered":"\ud83c\udf84\u2728 \u00a1La Navidad llega a Artenara! \u2728\ud83c\udf84"},"content":{"rendered":"\n<p>Este viernes 12 de diciembre te esperamos en el Centro Cultural de Artenara con una tarde m\u00e1gica para todas las edades:<\/p>\n\n\n\n<p>\ud83d\udd54 17:00 a 19:00 h<br>\ud83c\udfa8 Taller de manualidades y decoraci\u00f3n navide\u00f1a<\/p>\n\n\n\n<p>\ud83d\udd55 19:00 a 20:00 h<br>\ud83c\udf81 Visita de la carroza de \u00a1El Grinch! (\u00a1pero en su versi\u00f3n m\u00e1s simp\u00e1tica\u2026!)<\/p>\n\n\n\n<p>\ud83c\udfb6 A las 20:00 h<br>Daremos la bienvenida oficial a la Navidad con el encendido navide\u00f1o de Artenara, acompa\u00f1ado por la actuaci\u00f3n musical del grupo \"Enclave Musical\" \ud83c\udfa4\ud83c\udf1f<\/p>\n\n\n\n<p>\ud83d\udccdM\u00e1s info en: www.descubreartenara.com<\/p>\n\n\n\n<p>Organiza: Asociaci\u00f3n ASRURAL<br>Subvenciona: \u00c1rea de participaci\u00f3n ciudadana del Cabildo de Gran Canaria.<br>Colabora: Asociaci\u00f3n EDARTE y Ayuntamiento de Artenara  <\/p>\n\n\n\n<figure class=\"wp-block-gallery columns-1 is-cropped\"><ul class=\"blocks-gallery-grid\"><li class=\"blocks-gallery-item\"><figure><img src=\"https:\/\/www.artenara.es\/portal-ciudadano\/wp-content\/uploads\/2025\/12\/WhatsApp-Image-2025-12-09-at-13.10.37-723x1024.jpeg\" alt=\"\" data-id=\"15106\" data-full-url=\"https:\/\/www.artenara.es\/portal-ciudadano\/wp-content\/uploads\/2025\/12\/WhatsApp-Image-2025-12-09-at-13.10.37.jpeg\" data-link=\"https:\/\/www.artenara.es\/portal-ciudadano\/?attachment_id=15106\" class=\"wp-image-15106\"\/><\/figure><\/li><\/ul><\/figure>\n","protected":false},"excerpt":{"rendered":"<p>Este viernes 12 de diciembre te esperamos en el Centro Cultural de Artenara con una tarde m\u00e1gica para todas las edades: \ud83d\udd54 17:00 a 19:00 h\ud83c\udfa8 Taller de manualidades y decoraci\u00f3n navide\u00f1a \ud83d\udd55 19:00 a 20:00 h\ud83c\udf81 Visita de la carroza de \u00a1El Grinch! (\u00a1pero en su versi\u00f3n m\u00e1s simp\u00e1tica\u2026!) \ud83c\udfb6 A las 20:00 hDaremos &hellip;<\/p>\n","protected":false},"author":4,"featured_media":15106,"comment_status":"closed","ping_status":"closed","sticky":false,"template":"","format":"standard","meta":[],"categories":[2,5,3],"tags":[54,677,674,675,676,60],"_links":{"self":[{"href":"https:\/\/www.artenara.es\/portal-ciudadano\/wp-json\/wp\/v2\/posts\/15105"}],"collection":[{"href":"https:\/\/www.artenara.es\/portal-ciudadano\/wp-json\/wp\/v2\/posts"}],"about":[{"href":"https:\/\/www.artenara.es\/portal-ciudadano\/wp-json\/wp\/v2\/types\/post"}],"author":[{"embeddable":true,"href":"https:\/\/www.artenara.es\/portal-ciudadano\/wp-json\/wp\/v2\/users\/4"}],"replies":[{"embeddable":true,"href":"https:\/\/www.artenara.es\/portal-ciudadano\/wp-json\/wp\/v2\/comments?post=15105"}],"version-history":[{"count":1,"href":"https:\/\/www.artenara.es\/portal-ciudadano\/wp-json\/wp\/v2\/posts\/15105\/revisions"}],"predecessor-version":[{"id":15107,"href":"https:\/\/www.artenara.es\/portal-ciudadano\/wp-json\/wp\/v2\/posts\/15105\/revisions\/15107"}],"wp:featuredmedia":[{"embeddable":true,"href":"https:\/\/www.artenara.es\/portal-ciudadano\/wp-json\/wp\/v2\/media\/15106"}],"wp:attachment":[{"href":"https:\/\/www.artenara.es\/portal-ciudadano\/wp-json\/wp\/v2\/media?parent=15105"}],"wp:term":[{"taxonomy":"category","embeddable":true,"href":"https:\/\/www.artenara.es\/portal-ciudadano\/wp-json\/wp\/v2\/categories?post=15105"},{"taxonomy":"post_tag","embeddable":true,"href":"https:\/\/www.artenara.es\/portal-ciudadano\/wp-json\/wp\/v2\/tags?post=15105"}],"curies":[{"name":"wp","href":"https:\/\/api.w.org\/{rel}","templated":true}]}}