{"id":15108,"date":"2025-12-09T13:57:35","date_gmt":"2025-12-09T13:57:35","guid":{"rendered":"https:\/\/www.artenara.es\/portal-ciudadano\/?p=15108"},"modified":"2025-12-09T13:57:37","modified_gmt":"2025-12-09T13:57:37","slug":"%f0%9f%8e%89-gran-rifa-de-recaudacion-en-artenara-%f0%9f%95%b0%ef%b8%8f","status":"publish","type":"post","link":"https:\/\/www.artenara.es\/portal-ciudadano\/eventos\/%f0%9f%8e%89-gran-rifa-de-recaudacion-en-artenara-%f0%9f%95%b0%ef%b8%8f\/","title":{"rendered":"\ud83c\udf89 \u00a1Gran Rifa de Recaudaci\u00f3n en Artenara! \ud83d\udd70\ufe0f"},"content":{"rendered":"\n<p>El s\u00e1bado 20 de diciembre, te esperamos para una tarde llena de comunidad, m\u00fasica y sorpresas, con motivo de la recaudaci\u00f3n para el nuevo reloj y la electrificaci\u00f3n del campanario de la Iglesia de San Mat\u00edas \u26ea\u2728<\/p>\n\n\n\n<p>\ud83d\udccd A partir de las 17:45 h<br>Programa:<\/p>\n\n\n\n<p>\ud83d\udd39 17:45 h | Eucarist\u00eda<br>\ud83d\udd39 18:30 h | Compartir comunitario con los alimentos que aporten los\/as asistentes + actividades para todas las edades<br>\ud83d\udd39 19:00 h | Parranda \u201cLa Polvajera\u201d \ud83c\udfb6<br>\ud83d\udd39 20:00 h | Bingo ben\u00e9fico<br>\ud83d\udd39 20:30 h | Gran rifa de premios \ud83c\udf81<br>\ud83d\udd39 21:00 h | Inauguraci\u00f3n oficial del nuevo reloj de la iglesia<\/p>\n\n\n\n<p>Organiza: Parroquia de San Mat\u00edas<br>Colabora: Ayuntamiento de Artenara<\/p>\n\n\n\n<p>\u00a1Ven y forma parte de esta jornada especial por una buena causa! \ud83d\udc9a <\/p>\n\n\n\n<figure class=\"wp-block-image\"><img alt=\"\"\/><\/figure>\n\n\n\n<figure class=\"wp-block-image size-large\"><img src=\"https:\/\/www.artenara.es\/portal-ciudadano\/wp-content\/uploads\/2025\/12\/437d6b59-94c2-4054-be20-63cdef075f05-724x1024.jpg\" alt=\"\" class=\"wp-image-15109\"\/><\/figure>\n","protected":false},"excerpt":{"rendered":"<p>El s\u00e1bado 20 de diciembre, te esperamos para una tarde llena de comunidad, m\u00fasica y sorpresas, con motivo de la recaudaci\u00f3n para el nuevo reloj y la electrificaci\u00f3n del campanario de la Iglesia de San Mat\u00edas \u26ea\u2728 \ud83d\udccd A partir de las 17:45 hPrograma: \ud83d\udd39 17:45 h | Eucarist\u00eda\ud83d\udd39 18:30 h | Compartir comunitario con &hellip;<\/p>\n","protected":false},"author":4,"featured_media":15109,"comment_status":"closed","ping_status":"closed","sticky":false,"template":"","format":"standard","meta":[],"categories":[6,2,5,3],"tags":[216,54,678,680,682,681,679],"_links":{"self":[{"href":"https:\/\/www.artenara.es\/portal-ciudadano\/wp-json\/wp\/v2\/posts\/15108"}],"collection":[{"href":"https:\/\/www.artenara.es\/portal-ciudadano\/wp-json\/wp\/v2\/posts"}],"about":[{"href":"https:\/\/www.artenara.es\/portal-ciudadano\/wp-json\/wp\/v2\/types\/post"}],"author":[{"embeddable":true,"href":"https:\/\/www.artenara.es\/portal-ciudadano\/wp-json\/wp\/v2\/users\/4"}],"replies":[{"embeddable":true,"href":"https:\/\/www.artenara.es\/portal-ciudadano\/wp-json\/wp\/v2\/comments?post=15108"}],"version-history":[{"count":1,"href":"https:\/\/www.artenara.es\/portal-ciudadano\/wp-json\/wp\/v2\/posts\/15108\/revisions"}],"predecessor-version":[{"id":15110,"href":"https:\/\/www.artenara.es\/portal-ciudadano\/wp-json\/wp\/v2\/posts\/15108\/revisions\/15110"}],"wp:featuredmedia":[{"embeddable":true,"href":"https:\/\/www.artenara.es\/portal-ciudadano\/wp-json\/wp\/v2\/media\/15109"}],"wp:attachment":[{"href":"https:\/\/www.artenara.es\/portal-ciudadano\/wp-json\/wp\/v2\/media?parent=15108"}],"wp:term":[{"taxonomy":"category","embeddable":true,"href":"https:\/\/www.artenara.es\/portal-ciudadano\/wp-json\/wp\/v2\/categories?post=15108"},{"taxonomy":"post_tag","embeddable":true,"href":"https:\/\/www.artenara.es\/portal-ciudadano\/wp-json\/wp\/v2\/tags?post=15108"}],"curies":[{"name":"wp","href":"https:\/\/api.w.org\/{rel}","templated":true}]}}