{"id":15111,"date":"2025-12-09T14:30:01","date_gmt":"2025-12-09T14:30:01","guid":{"rendered":"https:\/\/www.artenara.es\/portal-ciudadano\/?p=15111"},"modified":"2025-12-09T14:30:06","modified_gmt":"2025-12-09T14:30:06","slug":"artenara-solidaria-con-fifame","status":"publish","type":"post","link":"https:\/\/www.artenara.es\/portal-ciudadano\/noticias\/artenara-solidaria-con-fifame\/","title":{"rendered":"Artenara solidaria con Fifam\u00e9"},"content":{"rendered":"\n<p>El pr\u00f3ximo s\u00e1bado 27 de diciembre, desde las 10:30 h, la Plaza de San Mat\u00edas se transforma en un punto de encuentro \u00fanico: Artenara Solidaria con Fifam\u00e9 \ud83d\udc9b\ud83d\udc9a\u2764\ufe0f<\/p>\n\n\n\n<p>Un evento lleno de vida para recaudar fondos para la Asociaci\u00f3n Fifam\u00e9, organizaci\u00f3n comprometida con el desarrollo social y la mejora de las condiciones de vida en Senegal, especialmente en \u00e1reas tan sensibles como la salud infantil, el emprendimiento juvenil y la igualdad de g\u00e9nero.<\/p>\n\n\n\n<p>Organizado por ASRURAL y EDARTE, con el apoyo del Ayuntamiento de Artenara y financiado por el \u00c1rea de Cooperaci\u00f3n Institucional y Solidaridad Internacional del Cabildo de Gran Canaria.<\/p>\n\n\n\n<p>\ud83c\udfb6 \u00bfQu\u00e9 te espera? Ambiente l\u00fadico para todos los p\u00fablicos\ud83c\udf8a<\/p>\n\n\n\n<ul><li>Actividades infantiles: Hinchables, pintacaras, globoflexia, taller de manualidades \ud83c\udfa8\ud83e\udd39\ud83c\udffd<\/li><li>Talleres de percusi\u00f3n y danza africana \ud83e\udd41\ud83e\ude98\ud83d\udc83<\/li><li>Mercadillo solidario con ropa, libros, artesan\u00eda y art\u00edculos de Fifam\u00e9 \ud83d\udecd\ufe0f<\/li><li>Degustaci\u00f3n de comida y bebida senegalesas elaborada para saborear \u00c1frica \ud83c\udf5b<\/li><li>Concierto de los Hermanos Thioune, pura energ\u00eda y baile \ud83d\udd25<\/li><li>Y un gran sorteo solidario con regalos incre\u00edbles:<br>Un billete de barco ida y vuelta para 2 personas y 1 turismo. Una cesta con productos cosm\u00e9ticos. Un microondas. 3 lotes de vinos locales. Piezas artesanas de lana. Almuerzo en un restaurante del municipio\u2026\u00a1y mucho m\u00e1s! \ud83c\udf81<\/li><\/ul>\n\n\n\n<p>\ud83d\udcab Ven, disfruta, colabora y comparte solidaridad<\/p>\n\n\n\n<p>Un d\u00eda diferente en la cumbre de Gran Canaria, con aire senegal\u00e9s y mucho coraz\u00f3n \u2764\ufe0f<\/p>\n\n\n\n<p>Conoce m\u00e1s sobre Fifam\u00e9 en www.fifame.es <\/p>\n\n\n\n<figure class=\"wp-block-image size-large\"><img src=\"https:\/\/www.artenara.es\/portal-ciudadano\/wp-content\/uploads\/2025\/12\/d88da3de-05c6-464b-a342-582938004ebb-724x1024.jpg\" alt=\"\" class=\"wp-image-15112\"\/><\/figure>\n\n\n\n<p><\/p>\n","protected":false},"excerpt":{"rendered":"<p>El pr\u00f3ximo s\u00e1bado 27 de diciembre, desde las 10:30 h, la Plaza de San Mat\u00edas se transforma en un punto de encuentro \u00fanico: Artenara Solidaria con Fifam\u00e9 \ud83d\udc9b\ud83d\udc9a\u2764\ufe0f Un evento lleno de vida para recaudar fondos para la Asociaci\u00f3n Fifam\u00e9, organizaci\u00f3n comprometida con el desarrollo social y la mejora de las condiciones de vida en &hellip;<\/p>\n","protected":false},"author":4,"featured_media":15112,"comment_status":"closed","ping_status":"closed","sticky":false,"template":"","format":"standard","meta":[],"categories":[6,59,2,1,5,3],"tags":[54,683,684,389,685,686],"_links":{"self":[{"href":"https:\/\/www.artenara.es\/portal-ciudadano\/wp-json\/wp\/v2\/posts\/15111"}],"collection":[{"href":"https:\/\/www.artenara.es\/portal-ciudadano\/wp-json\/wp\/v2\/posts"}],"about":[{"href":"https:\/\/www.artenara.es\/portal-ciudadano\/wp-json\/wp\/v2\/types\/post"}],"author":[{"embeddable":true,"href":"https:\/\/www.artenara.es\/portal-ciudadano\/wp-json\/wp\/v2\/users\/4"}],"replies":[{"embeddable":true,"href":"https:\/\/www.artenara.es\/portal-ciudadano\/wp-json\/wp\/v2\/comments?post=15111"}],"version-history":[{"count":1,"href":"https:\/\/www.artenara.es\/portal-ciudadano\/wp-json\/wp\/v2\/posts\/15111\/revisions"}],"predecessor-version":[{"id":15113,"href":"https:\/\/www.artenara.es\/portal-ciudadano\/wp-json\/wp\/v2\/posts\/15111\/revisions\/15113"}],"wp:featuredmedia":[{"embeddable":true,"href":"https:\/\/www.artenara.es\/portal-ciudadano\/wp-json\/wp\/v2\/media\/15112"}],"wp:attachment":[{"href":"https:\/\/www.artenara.es\/portal-ciudadano\/wp-json\/wp\/v2\/media?parent=15111"}],"wp:term":[{"taxonomy":"category","embeddable":true,"href":"https:\/\/www.artenara.es\/portal-ciudadano\/wp-json\/wp\/v2\/categories?post=15111"},{"taxonomy":"post_tag","embeddable":true,"href":"https:\/\/www.artenara.es\/portal-ciudadano\/wp-json\/wp\/v2\/tags?post=15111"}],"curies":[{"name":"wp","href":"https:\/\/api.w.org\/{rel}","templated":true}]}}