{"id":15118,"date":"2025-12-11T11:02:12","date_gmt":"2025-12-11T11:02:12","guid":{"rendered":"https:\/\/www.artenara.es\/portal-ciudadano\/?p=15118"},"modified":"2025-12-11T11:15:31","modified_gmt":"2025-12-11T11:15:31","slug":"homenaje-del-cabildo-de-gran-canaria-a-trabajadores-y-trabajadoras-de-artenara-por-repoblacion-forestal-de-nuestros-montes","status":"publish","type":"post","link":"https:\/\/www.artenara.es\/portal-ciudadano\/eventos\/homenaje-del-cabildo-de-gran-canaria-a-trabajadores-y-trabajadoras-de-artenara-por-repoblacion-forestal-de-nuestros-montes\/","title":{"rendered":"Homenaje del Cabildo de Gran Canaria a trabajadores y trabajadoras de Artenara por repoblaci\u00f3n forestal de nuestros montes."},"content":{"rendered":"\n<p>Ayer, el Cabildo de Gran Canaria celebr\u00f3 un emotivo acto con motivo de los 75 a\u00f1os de la repoblaci\u00f3n reforestal de nuestra isla, una conmemoraci\u00f3n dedicada a honrar la vida que brota de sus montes y a quienes, con esfuerzo silencioso, han velado por su cuidado. Fue un homenaje profundo, dando sentido a los trabajadores y trabajadoras que, d\u00eda tras d\u00eda, han protegido, mantenido y dado futuro a los bosques de Gran Canaria.<br>Estas personas encarnan el saber hacer del trabajo bien hecho, el conocimiento \u00edntimo del territorio, la fuerza del saber comunitario y la sabidur\u00eda que se transmite de generaci\u00f3n en generaci\u00f3n. Sus manos, su experiencia y su compromiso han tejido la memoria viva de nuestros paisajes.<\/p>\n\n\n\n<p>En este acto, el Cabildo dedic\u00f3 una menci\u00f3n especial al municipio de Artenara, reconociendo la trayectoria de Milagrosa Marrero Mayor (viverista); de Antonio Gonz\u00e1lez Herrera, y de Orlando Guill\u00e9n D\u00edaz (jornaleros). Tres nombres que representan la entrega, la constancia y el amor por la tierra.<\/p>\n\n\n\n<p>Desde el Ayuntamiento de Artenara queremos expresar nuestro profundo agradecimiento por todos estos a\u00f1os de trabajo incansable, por el compromiso que han mantenido incluso en los momentos m\u00e1s dif\u00edciles y por la uni\u00f3n que ha hecho posible mantener vivos nuestros montes a trav\u00e9s de la reforestaci\u00f3n.<\/p>\n\n\n\n<p>Gracias por cuidar lo que nos cuida.<\/p>\n\n\n\n<p>Gracias por sembrar futuro en cada \u00e1rbol. <\/p>\n\n\n\n<figure class=\"wp-block-image size-large\"><img src=\"https:\/\/www.artenara.es\/portal-ciudadano\/wp-content\/uploads\/2025\/12\/2588d6df-62f4-4f16-82b4-6e84247e0037.jpg\" alt=\"\" class=\"wp-image-15119\"\/><\/figure>\n","protected":false},"excerpt":{"rendered":"<p>Ayer, el Cabildo de Gran Canaria celebr\u00f3 un emotivo acto con motivo de los 75 a\u00f1os de la repoblaci\u00f3n reforestal de nuestra isla, una conmemoraci\u00f3n dedicada a honrar la vida que brota de sus montes y a quienes, con esfuerzo silencioso, han velado por su cuidado. Fue un homenaje profundo, dando sentido a los trabajadores &hellip;<\/p>\n","protected":false},"author":4,"featured_media":15119,"comment_status":"closed","ping_status":"closed","sticky":false,"template":"","format":"standard","meta":[],"categories":[6,2,5,3],"tags":[54,458,690,561,692,691,689],"_links":{"self":[{"href":"https:\/\/www.artenara.es\/portal-ciudadano\/wp-json\/wp\/v2\/posts\/15118"}],"collection":[{"href":"https:\/\/www.artenara.es\/portal-ciudadano\/wp-json\/wp\/v2\/posts"}],"about":[{"href":"https:\/\/www.artenara.es\/portal-ciudadano\/wp-json\/wp\/v2\/types\/post"}],"author":[{"embeddable":true,"href":"https:\/\/www.artenara.es\/portal-ciudadano\/wp-json\/wp\/v2\/users\/4"}],"replies":[{"embeddable":true,"href":"https:\/\/www.artenara.es\/portal-ciudadano\/wp-json\/wp\/v2\/comments?post=15118"}],"version-history":[{"count":1,"href":"https:\/\/www.artenara.es\/portal-ciudadano\/wp-json\/wp\/v2\/posts\/15118\/revisions"}],"predecessor-version":[{"id":15120,"href":"https:\/\/www.artenara.es\/portal-ciudadano\/wp-json\/wp\/v2\/posts\/15118\/revisions\/15120"}],"wp:featuredmedia":[{"embeddable":true,"href":"https:\/\/www.artenara.es\/portal-ciudadano\/wp-json\/wp\/v2\/media\/15119"}],"wp:attachment":[{"href":"https:\/\/www.artenara.es\/portal-ciudadano\/wp-json\/wp\/v2\/media?parent=15118"}],"wp:term":[{"taxonomy":"category","embeddable":true,"href":"https:\/\/www.artenara.es\/portal-ciudadano\/wp-json\/wp\/v2\/categories?post=15118"},{"taxonomy":"post_tag","embeddable":true,"href":"https:\/\/www.artenara.es\/portal-ciudadano\/wp-json\/wp\/v2\/tags?post=15118"}],"curies":[{"name":"wp","href":"https:\/\/api.w.org\/{rel}","templated":true}]}}