{"id":15121,"date":"2025-12-11T11:33:04","date_gmt":"2025-12-11T11:33:04","guid":{"rendered":"https:\/\/www.artenara.es\/portal-ciudadano\/?p=15121"},"modified":"2025-12-11T11:33:09","modified_gmt":"2025-12-11T11:33:09","slug":"premio-endecan-a-la-solidaridad-al-municipio-de-artenara","status":"publish","type":"post","link":"https:\/\/www.artenara.es\/portal-ciudadano\/eventos\/premio-endecan-a-la-solidaridad-al-municipio-de-artenara\/","title":{"rendered":"Premio &#8220;Endecan a la solidaridad&#8221; al municipio de Artenara"},"content":{"rendered":"\n<p>Estamos de enhorabuena, ya que el municipio de Artenara ha sido premiado con el Premio \"Endecan a la Solidaridad\", un reconocimiento que recibimos con enorme gratitud y emoci\u00f3n. Este galard\u00f3n llega gracias al camino compartido con los ni\u00f1os migrantes acogidos en el albergue de Las Cuevas, quienes llevan ya dos a\u00f1os formando parte de nuestra comunidad.<\/p>\n\n\n\n<p>Su presencia ha llenado nuestro municipio de una nueva luz.<br>Han tra\u00eddo consigo vida, alegr\u00eda y esperanza, y con cada risa, cada encuentro y cada historia compartida, han tejido lazos que nos recuerdan la fuerza de la empat\u00eda y la importancia de abrir los brazos.<\/p>\n\n\n\n<p>Gracias a ellos, Artenara es hoy un lugar m\u00e1s humano, m\u00e1s c\u00e1lido y m\u00e1s unido.<\/p>\n\n\n\n<p>Este premio no solo reconoce un esfuerzo colectivo, sino tambi\u00e9n el valor de quienes, a pesar de las dificultades, han sabido regalarnos su confianza y su sonrisa.<\/p>\n\n\n\n<p>Este logro es de todos, pero especialmente de los ni\u00f1os, que con su sencillez y su coraz\u00f3n nos han ense\u00f1ado a mirar el mundo con ojos nuevos. <\/p>\n\n\n\n<figure class=\"wp-block-gallery columns-1 is-cropped\"><ul class=\"blocks-gallery-grid\"><li class=\"blocks-gallery-item\"><figure><img loading=\"lazy\" width=\"1024\" height=\"672\" src=\"https:\/\/www.artenara.es\/portal-ciudadano\/wp-content\/uploads\/2025\/12\/premio-endecan-1024x672.jpg\" alt=\"\" data-id=\"15123\" data-full-url=\"https:\/\/www.artenara.es\/portal-ciudadano\/wp-content\/uploads\/2025\/12\/premio-endecan.jpg\" data-link=\"https:\/\/www.artenara.es\/portal-ciudadano\/?attachment_id=15123\" class=\"wp-image-15123\" srcset=\"https:\/\/www.artenara.es\/portal-ciudadano\/wp-content\/uploads\/2025\/12\/premio-endecan-1024x672.jpg 1024w, https:\/\/www.artenara.es\/portal-ciudadano\/wp-content\/uploads\/2025\/12\/premio-endecan-300x197.jpg 300w, https:\/\/www.artenara.es\/portal-ciudadano\/wp-content\/uploads\/2025\/12\/premio-endecan-768x504.jpg 768w, https:\/\/www.artenara.es\/portal-ciudadano\/wp-content\/uploads\/2025\/12\/premio-endecan-418x274.jpg 418w, https:\/\/www.artenara.es\/portal-ciudadano\/wp-content\/uploads\/2025\/12\/premio-endecan.jpg 1280w\" sizes=\"(max-width: 1024px) 100vw, 1024px\" \/><\/figure><\/li><\/ul><\/figure>\n","protected":false},"excerpt":{"rendered":"<p>Estamos de enhorabuena, ya que el municipio de Artenara ha sido premiado con el Premio &#8220;Endecan a la Solidaridad&#8221;, un reconocimiento que recibimos con enorme gratitud y emoci\u00f3n. Este galard\u00f3n llega gracias al camino compartido con los ni\u00f1os migrantes acogidos en el albergue de Las Cuevas, quienes llevan ya dos a\u00f1os formando parte de nuestra &hellip;<\/p>\n","protected":false},"author":4,"featured_media":15122,"comment_status":"closed","ping_status":"closed","sticky":false,"template":"","format":"standard","meta":[],"categories":[6,2,576,5,3],"tags":[54,694,691,693],"_links":{"self":[{"href":"https:\/\/www.artenara.es\/portal-ciudadano\/wp-json\/wp\/v2\/posts\/15121"}],"collection":[{"href":"https:\/\/www.artenara.es\/portal-ciudadano\/wp-json\/wp\/v2\/posts"}],"about":[{"href":"https:\/\/www.artenara.es\/portal-ciudadano\/wp-json\/wp\/v2\/types\/post"}],"author":[{"embeddable":true,"href":"https:\/\/www.artenara.es\/portal-ciudadano\/wp-json\/wp\/v2\/users\/4"}],"replies":[{"embeddable":true,"href":"https:\/\/www.artenara.es\/portal-ciudadano\/wp-json\/wp\/v2\/comments?post=15121"}],"version-history":[{"count":1,"href":"https:\/\/www.artenara.es\/portal-ciudadano\/wp-json\/wp\/v2\/posts\/15121\/revisions"}],"predecessor-version":[{"id":15124,"href":"https:\/\/www.artenara.es\/portal-ciudadano\/wp-json\/wp\/v2\/posts\/15121\/revisions\/15124"}],"wp:featuredmedia":[{"embeddable":true,"href":"https:\/\/www.artenara.es\/portal-ciudadano\/wp-json\/wp\/v2\/media\/15122"}],"wp:attachment":[{"href":"https:\/\/www.artenara.es\/portal-ciudadano\/wp-json\/wp\/v2\/media?parent=15121"}],"wp:term":[{"taxonomy":"category","embeddable":true,"href":"https:\/\/www.artenara.es\/portal-ciudadano\/wp-json\/wp\/v2\/categories?post=15121"},{"taxonomy":"post_tag","embeddable":true,"href":"https:\/\/www.artenara.es\/portal-ciudadano\/wp-json\/wp\/v2\/tags?post=15121"}],"curies":[{"name":"wp","href":"https:\/\/api.w.org\/{rel}","templated":true}]}}