{"id":15134,"date":"2025-12-12T11:26:00","date_gmt":"2025-12-12T11:26:00","guid":{"rendered":"https:\/\/www.artenara.es\/portal-ciudadano\/?p=15134"},"modified":"2025-12-12T11:26:02","modified_gmt":"2025-12-12T11:26:02","slug":"curso-formacion-indumentaria-regional-canarias-un-tesoro-cultural","status":"publish","type":"post","link":"https:\/\/www.artenara.es\/portal-ciudadano\/social\/curso-formacion-indumentaria-regional-canarias-un-tesoro-cultural\/","title":{"rendered":"Curso-formaci\u00f3n &#8220;Indumentaria regional canarias: un tesoro cultural&#8221;"},"content":{"rendered":"\n<p>El Ayuntamiento de Artenara, en su compromiso con la promoci\u00f3n y preservaci\u00f3n de nuestras ra\u00edces culturales, se complace en invitar a todos los vecinos y vecinas a participar en una formaci\u00f3n totalmente gratuita sobre Indumentaria Regional Canaria.<\/p>\n\n\n\n<p>Esta valiosa acci\u00f3n formativa es organizada e impartida por Ecca.Edu. Es una oportunidad \u00fanica para adquirir un conocimiento profundo sobre nuestras vestimentas tradicionales y el significado hist\u00f3rico de cada prenda.<\/p>\n\n\n\n<p>Detalles e Inscripci\u00f3n<\/p>\n\n\n\n<p>Curso: Indumentaria Regional Canaria: Un tesoro cultural.<\/p>\n\n\n\n<p>Coste: COMPLETAMENTE GRATUITO<\/p>\n\n\n\n<p>Entidad Formadora: Ecca.Edu<\/p>\n\n\n\n<p>Fecha de Inicio: Jueves, 15 de enero<\/p>\n\n\n\n<p>Si est\u00e1s interesado o interesada en participar, no olvides realizar tu inscripci\u00f3n en la Biblioteca Municipal, en horario de lunes a viernes (de 8:00 a 14:00 horas)<\/p>\n\n\n\n<p>Se ruega formalizar la inscripci\u00f3n antes de la fecha de inicio.<\/p>\n\n\n\n<p>El jueves 15 de enero, en el Aula de Formaci\u00f3n de Artenara, de 9:00 a 11:00. All\u00ed formalizaremos la matr\u00edcula y explicaremos la din\u00e1mica.<\/p>\n\n\n\n<p>Es imprescindible presentar el DNI.<\/p>\n\n\n\n<p>Les animamos a aprovechar esta magn\u00edfica oportunidad para enriquecer nuestro patrimonio cultural.<\/p>\n\n\n\n<p>\u00a1No te quedes sin tu plaza! <\/p>\n\n\n\n<figure class=\"wp-block-gallery columns-1 is-cropped\"><ul class=\"blocks-gallery-grid\"><li class=\"blocks-gallery-item\"><figure><img src=\"https:\/\/www.artenara.es\/portal-ciudadano\/wp-content\/uploads\/2025\/12\/aebff74a-dd4c-49e8-b94c-2aee5020be98-724x1024.jpg\" alt=\"\" data-id=\"15135\" data-full-url=\"https:\/\/www.artenara.es\/portal-ciudadano\/wp-content\/uploads\/2025\/12\/aebff74a-dd4c-49e8-b94c-2aee5020be98.jpg\" data-link=\"https:\/\/www.artenara.es\/portal-ciudadano\/?attachment_id=15135\" class=\"wp-image-15135\"\/><\/figure><\/li><\/ul><\/figure>\n","protected":false},"excerpt":{"rendered":"<p>El Ayuntamiento de Artenara, en su compromiso con la promoci\u00f3n y preservaci\u00f3n de nuestras ra\u00edces culturales, se complace en invitar a todos los vecinos y vecinas a participar en una formaci\u00f3n totalmente gratuita sobre Indumentaria Regional Canaria. Esta valiosa acci\u00f3n formativa es organizada e impartida por Ecca.Edu. Es una oportunidad \u00fanica para adquirir un conocimiento &hellip;<\/p>\n","protected":false},"author":4,"featured_media":15135,"comment_status":"closed","ping_status":"closed","sticky":false,"template":"","format":"standard","meta":[],"categories":[6,451,5,3],"tags":[54,623,88,695,696],"_links":{"self":[{"href":"https:\/\/www.artenara.es\/portal-ciudadano\/wp-json\/wp\/v2\/posts\/15134"}],"collection":[{"href":"https:\/\/www.artenara.es\/portal-ciudadano\/wp-json\/wp\/v2\/posts"}],"about":[{"href":"https:\/\/www.artenara.es\/portal-ciudadano\/wp-json\/wp\/v2\/types\/post"}],"author":[{"embeddable":true,"href":"https:\/\/www.artenara.es\/portal-ciudadano\/wp-json\/wp\/v2\/users\/4"}],"replies":[{"embeddable":true,"href":"https:\/\/www.artenara.es\/portal-ciudadano\/wp-json\/wp\/v2\/comments?post=15134"}],"version-history":[{"count":1,"href":"https:\/\/www.artenara.es\/portal-ciudadano\/wp-json\/wp\/v2\/posts\/15134\/revisions"}],"predecessor-version":[{"id":15136,"href":"https:\/\/www.artenara.es\/portal-ciudadano\/wp-json\/wp\/v2\/posts\/15134\/revisions\/15136"}],"wp:featuredmedia":[{"embeddable":true,"href":"https:\/\/www.artenara.es\/portal-ciudadano\/wp-json\/wp\/v2\/media\/15135"}],"wp:attachment":[{"href":"https:\/\/www.artenara.es\/portal-ciudadano\/wp-json\/wp\/v2\/media?parent=15134"}],"wp:term":[{"taxonomy":"category","embeddable":true,"href":"https:\/\/www.artenara.es\/portal-ciudadano\/wp-json\/wp\/v2\/categories?post=15134"},{"taxonomy":"post_tag","embeddable":true,"href":"https:\/\/www.artenara.es\/portal-ciudadano\/wp-json\/wp\/v2\/tags?post=15134"}],"curies":[{"name":"wp","href":"https:\/\/api.w.org\/{rel}","templated":true}]}}