{"id":15209,"date":"2026-01-21T08:20:15","date_gmt":"2026-01-21T08:20:15","guid":{"rendered":"https:\/\/www.artenara.es\/portal-ciudadano\/?p=15209"},"modified":"2026-01-23T15:34:56","modified_gmt":"2026-01-23T15:34:56","slug":"rodaje-de-pelicula-en-artenara-produccion-audiovisual-proximamente","status":"publish","type":"post","link":"https:\/\/www.artenara.es\/portal-ciudadano\/eventos\/rodaje-de-pelicula-en-artenara-produccion-audiovisual-proximamente\/","title":{"rendered":"Se busca personal Local en Artenara para un &#8220;Proyecto Audiovisual&#8221; (pr\u00f3ximamente)"},"content":{"rendered":"\n<p>El Ayuntamiento de Artenara informa a toda la poblaci\u00f3n en general, a trav\u00e9s de esta v\u00eda y \u00fanicamente con fines de difusi\u00f3n (no se recepcionan curr\u00edculums en el Ayuntamiento), que pr\u00f3ximamente se llevar\u00e1 a cabo un proyecto audiovisual en el municipio.<\/p>\n\n\n\n<p>Para dicho proyecto se est\u00e1 buscando personal local de Artenara que pueda cubrir los siguientes perfiles:<\/p>\n\n\n\n<p>\u2022 Limpieza: apoyo en la limpieza y mantenimiento de las \u00e1reas de trabajo, carpas y zonas comunes durante el desarrollo del proyecto.<\/p>\n\n\n\n<p>\u2022 Peones forestales: tareas de desbroce, acondicionamiento de accesos y apoyo general en exteriores, seg\u00fan las indicaciones del equipo de localizaciones.<\/p>\n\n\n\n<p>\u2022 Operarios de control de accesos (blockers): control de caminos y accesos, gesti\u00f3n de cortes puntuales y apoyo al equipo de localizaciones.<\/p>\n\n\n\n<p>Las personas interesadas deber\u00e1n enviar su curr\u00edculum al correo que aparece reflejado en la imagen, indicando adem\u00e1s su disponibilidad y zona de residencia.<\/p>\n\n\n\n<p>De antemano, se agradece la colaboraci\u00f3n.<\/p>\n\n\n\n<figure class=\"wp-block-gallery columns-1 is-cropped\"><ul class=\"blocks-gallery-grid\"><li class=\"blocks-gallery-item\"><figure><img loading=\"lazy\" width=\"724\" height=\"1024\" src=\"https:\/\/www.artenara.es\/portal-ciudadano\/wp-content\/uploads\/2026\/01\/Flyer-Oferta-de-Trabajo-Profesional-Azul-y-Amarillo-3-724x1024.png\" alt=\"\" data-id=\"15229\" data-full-url=\"https:\/\/www.artenara.es\/portal-ciudadano\/wp-content\/uploads\/2026\/01\/Flyer-Oferta-de-Trabajo-Profesional-Azul-y-Amarillo-3.png\" data-link=\"https:\/\/www.artenara.es\/portal-ciudadano\/eventos\/rodaje-de-pelicula-en-artenara-produccion-audiovisual-proximamente\/attachment\/flyer-oferta-de-trabajo-profesional-azul-y-amarillo-3\/\" class=\"wp-image-15229\" srcset=\"https:\/\/www.artenara.es\/portal-ciudadano\/wp-content\/uploads\/2026\/01\/Flyer-Oferta-de-Trabajo-Profesional-Azul-y-Amarillo-3-724x1024.png 724w, https:\/\/www.artenara.es\/portal-ciudadano\/wp-content\/uploads\/2026\/01\/Flyer-Oferta-de-Trabajo-Profesional-Azul-y-Amarillo-3-212x300.png 212w, https:\/\/www.artenara.es\/portal-ciudadano\/wp-content\/uploads\/2026\/01\/Flyer-Oferta-de-Trabajo-Profesional-Azul-y-Amarillo-3-764x1080.png 764w, https:\/\/www.artenara.es\/portal-ciudadano\/wp-content\/uploads\/2026\/01\/Flyer-Oferta-de-Trabajo-Profesional-Azul-y-Amarillo-3-768x1086.png 768w, https:\/\/www.artenara.es\/portal-ciudadano\/wp-content\/uploads\/2026\/01\/Flyer-Oferta-de-Trabajo-Profesional-Azul-y-Amarillo-3-1086x1536.png 1086w, https:\/\/www.artenara.es\/portal-ciudadano\/wp-content\/uploads\/2026\/01\/Flyer-Oferta-de-Trabajo-Profesional-Azul-y-Amarillo-3-418x591.png 418w, https:\/\/www.artenara.es\/portal-ciudadano\/wp-content\/uploads\/2026\/01\/Flyer-Oferta-de-Trabajo-Profesional-Azul-y-Amarillo-3.png 1414w\" sizes=\"(max-width: 724px) 100vw, 724px\" \/><\/figure><\/li><\/ul><\/figure>\n","protected":false},"excerpt":{"rendered":"<p>El Ayuntamiento de Artenara informa a toda la poblaci\u00f3n en general, a trav\u00e9s de esta v\u00eda y \u00fanicamente con fines de difusi\u00f3n (no se recepcionan curr\u00edculums en el Ayuntamiento), que pr\u00f3ximamente se llevar\u00e1 a cabo un proyecto audiovisual en el municipio. Para dicho proyecto se est\u00e1 buscando personal local de Artenara que pueda cubrir los &hellip;<\/p>\n","protected":false},"author":4,"featured_media":15210,"comment_status":"closed","ping_status":"closed","sticky":false,"template":"","format":"standard","meta":[],"categories":[59,2,5,3],"tags":[54,734,736,732,735,733,731],"_links":{"self":[{"href":"https:\/\/www.artenara.es\/portal-ciudadano\/wp-json\/wp\/v2\/posts\/15209"}],"collection":[{"href":"https:\/\/www.artenara.es\/portal-ciudadano\/wp-json\/wp\/v2\/posts"}],"about":[{"href":"https:\/\/www.artenara.es\/portal-ciudadano\/wp-json\/wp\/v2\/types\/post"}],"author":[{"embeddable":true,"href":"https:\/\/www.artenara.es\/portal-ciudadano\/wp-json\/wp\/v2\/users\/4"}],"replies":[{"embeddable":true,"href":"https:\/\/www.artenara.es\/portal-ciudadano\/wp-json\/wp\/v2\/comments?post=15209"}],"version-history":[{"count":3,"href":"https:\/\/www.artenara.es\/portal-ciudadano\/wp-json\/wp\/v2\/posts\/15209\/revisions"}],"predecessor-version":[{"id":15233,"href":"https:\/\/www.artenara.es\/portal-ciudadano\/wp-json\/wp\/v2\/posts\/15209\/revisions\/15233"}],"wp:featuredmedia":[{"embeddable":true,"href":"https:\/\/www.artenara.es\/portal-ciudadano\/wp-json\/wp\/v2\/media\/15210"}],"wp:attachment":[{"href":"https:\/\/www.artenara.es\/portal-ciudadano\/wp-json\/wp\/v2\/media?parent=15209"}],"wp:term":[{"taxonomy":"category","embeddable":true,"href":"https:\/\/www.artenara.es\/portal-ciudadano\/wp-json\/wp\/v2\/categories?post=15209"},{"taxonomy":"post_tag","embeddable":true,"href":"https:\/\/www.artenara.es\/portal-ciudadano\/wp-json\/wp\/v2\/tags?post=15209"}],"curies":[{"name":"wp","href":"https:\/\/api.w.org\/{rel}","templated":true}]}}