{"id":15216,"date":"2026-01-23T09:55:01","date_gmt":"2026-01-23T09:55:01","guid":{"rendered":"https:\/\/www.artenara.es\/portal-ciudadano\/?p=15216"},"modified":"2026-01-23T09:56:50","modified_gmt":"2026-01-23T09:56:50","slug":"%e2%9c%a8-artenara-brilla-en-fitur-%e2%9c%a8","status":"publish","type":"post","link":"https:\/\/www.artenara.es\/portal-ciudadano\/eventos\/%e2%9c%a8-artenara-brilla-en-fitur-%e2%9c%a8\/","title":{"rendered":"\u2728 Artenara brilla en FITUR \u2728"},"content":{"rendered":"\n<figure class=\"wp-block-image size-large\"><img loading=\"lazy\" width=\"1\" height=\"1\" src=\"https:\/\/www.artenara.es\/portal-ciudadano\/wp-content\/uploads\/2026\/01\/image.gif\" alt=\"\u2728\" class=\"wp-image-15217\"\/><\/figure>\n\n\n\n<p>El municipio de Artenara est\u00e1 presente en #Fitur de la mano de la Red de Pueblos M\u00e1gicos de Espa\u00f1a, mostrando al mundo su esencia, su historia y su encanto \u00fanico. \ud83c\udf04<\/p>\n\n\n\n<p>Adem\u00e1s, recibimos con orgullo el <strong>Premio Regional de Pueblos M\u00e1gicos de Espa\u00f1a<\/strong>, un reconocimiento que pone en valor nuestra identidad, nuestro patrimonio y el alma de nuestro pueblo. \ud83c\udfc6<\/p>\n\n\n\n<p>\u00a1Seguimos llevando el nombre de Artenara cada vez m\u00e1s lejos! \ud83d\udc99 <\/p>\n\n\n\n<figure class=\"wp-block-gallery columns-3 is-cropped\"><ul class=\"blocks-gallery-grid\"><li class=\"blocks-gallery-item\"><figure><img loading=\"lazy\" width=\"679\" height=\"1024\" src=\"https:\/\/www.artenara.es\/portal-ciudadano\/wp-content\/uploads\/2026\/01\/6dd0d66d-1d19-48d2-9a7e-ff2a01ea71af-679x1024.jpg\" alt=\"\" data-id=\"15219\" data-link=\"https:\/\/www.artenara.es\/portal-ciudadano\/?attachment_id=15219\" class=\"wp-image-15219\" srcset=\"https:\/\/www.artenara.es\/portal-ciudadano\/wp-content\/uploads\/2026\/01\/6dd0d66d-1d19-48d2-9a7e-ff2a01ea71af-679x1024.jpg 679w, https:\/\/www.artenara.es\/portal-ciudadano\/wp-content\/uploads\/2026\/01\/6dd0d66d-1d19-48d2-9a7e-ff2a01ea71af-199x300.jpg 199w, https:\/\/www.artenara.es\/portal-ciudadano\/wp-content\/uploads\/2026\/01\/6dd0d66d-1d19-48d2-9a7e-ff2a01ea71af-716x1080.jpg 716w, https:\/\/www.artenara.es\/portal-ciudadano\/wp-content\/uploads\/2026\/01\/6dd0d66d-1d19-48d2-9a7e-ff2a01ea71af-768x1158.jpg 768w, https:\/\/www.artenara.es\/portal-ciudadano\/wp-content\/uploads\/2026\/01\/6dd0d66d-1d19-48d2-9a7e-ff2a01ea71af-1019x1536.jpg 1019w, https:\/\/www.artenara.es\/portal-ciudadano\/wp-content\/uploads\/2026\/01\/6dd0d66d-1d19-48d2-9a7e-ff2a01ea71af-418x630.jpg 418w, https:\/\/www.artenara.es\/portal-ciudadano\/wp-content\/uploads\/2026\/01\/6dd0d66d-1d19-48d2-9a7e-ff2a01ea71af.jpg 1126w\" sizes=\"(max-width: 679px) 100vw, 679px\" \/><\/figure><\/li><li class=\"blocks-gallery-item\"><figure><img loading=\"lazy\" width=\"639\" height=\"1024\" src=\"https:\/\/www.artenara.es\/portal-ciudadano\/wp-content\/uploads\/2026\/01\/79b2f1d6-c8d1-46e6-b9f5-0b1f6ebb0995-639x1024.jpg\" alt=\"\" data-id=\"15220\" data-link=\"https:\/\/www.artenara.es\/portal-ciudadano\/?attachment_id=15220\" class=\"wp-image-15220\" srcset=\"https:\/\/www.artenara.es\/portal-ciudadano\/wp-content\/uploads\/2026\/01\/79b2f1d6-c8d1-46e6-b9f5-0b1f6ebb0995-639x1024.jpg 639w, https:\/\/www.artenara.es\/portal-ciudadano\/wp-content\/uploads\/2026\/01\/79b2f1d6-c8d1-46e6-b9f5-0b1f6ebb0995-187x300.jpg 187w, https:\/\/www.artenara.es\/portal-ciudadano\/wp-content\/uploads\/2026\/01\/79b2f1d6-c8d1-46e6-b9f5-0b1f6ebb0995-674x1080.jpg 674w, https:\/\/www.artenara.es\/portal-ciudadano\/wp-content\/uploads\/2026\/01\/79b2f1d6-c8d1-46e6-b9f5-0b1f6ebb0995-768x1231.jpg 768w, https:\/\/www.artenara.es\/portal-ciudadano\/wp-content\/uploads\/2026\/01\/79b2f1d6-c8d1-46e6-b9f5-0b1f6ebb0995-958x1536.jpg 958w, https:\/\/www.artenara.es\/portal-ciudadano\/wp-content\/uploads\/2026\/01\/79b2f1d6-c8d1-46e6-b9f5-0b1f6ebb0995-418x670.jpg 418w, https:\/\/www.artenara.es\/portal-ciudadano\/wp-content\/uploads\/2026\/01\/79b2f1d6-c8d1-46e6-b9f5-0b1f6ebb0995.jpg 1126w\" sizes=\"(max-width: 639px) 100vw, 639px\" \/><\/figure><\/li><li class=\"blocks-gallery-item\"><figure><img loading=\"lazy\" width=\"1024\" height=\"549\" src=\"https:\/\/www.artenara.es\/portal-ciudadano\/wp-content\/uploads\/2026\/01\/5027d5c9-fe47-40a3-b244-52331b31c8ab-1024x549.jpg\" alt=\"\" data-id=\"15221\" data-link=\"https:\/\/www.artenara.es\/portal-ciudadano\/?attachment_id=15221\" class=\"wp-image-15221\" srcset=\"https:\/\/www.artenara.es\/portal-ciudadano\/wp-content\/uploads\/2026\/01\/5027d5c9-fe47-40a3-b244-52331b31c8ab-1024x549.jpg 1024w, https:\/\/www.artenara.es\/portal-ciudadano\/wp-content\/uploads\/2026\/01\/5027d5c9-fe47-40a3-b244-52331b31c8ab-300x161.jpg 300w, https:\/\/www.artenara.es\/portal-ciudadano\/wp-content\/uploads\/2026\/01\/5027d5c9-fe47-40a3-b244-52331b31c8ab-768x412.jpg 768w, https:\/\/www.artenara.es\/portal-ciudadano\/wp-content\/uploads\/2026\/01\/5027d5c9-fe47-40a3-b244-52331b31c8ab-1536x823.jpg 1536w, https:\/\/www.artenara.es\/portal-ciudadano\/wp-content\/uploads\/2026\/01\/5027d5c9-fe47-40a3-b244-52331b31c8ab-418x224.jpg 418w, https:\/\/www.artenara.es\/portal-ciudadano\/wp-content\/uploads\/2026\/01\/5027d5c9-fe47-40a3-b244-52331b31c8ab.jpg 1772w\" sizes=\"(max-width: 1024px) 100vw, 1024px\" \/><\/figure><\/li><li class=\"blocks-gallery-item\"><figure><img loading=\"lazy\" width=\"1024\" height=\"711\" src=\"https:\/\/www.artenara.es\/portal-ciudadano\/wp-content\/uploads\/2026\/01\/01cb76b9-1560-4045-9d7e-63e4e95074ac-1-1024x711.jpg\" alt=\"\" data-id=\"15223\" data-full-url=\"https:\/\/www.artenara.es\/portal-ciudadano\/wp-content\/uploads\/2026\/01\/01cb76b9-1560-4045-9d7e-63e4e95074ac-1.jpg\" data-link=\"https:\/\/www.artenara.es\/portal-ciudadano\/eventos\/%e2%9c%a8-artenara-brilla-en-fitur-%e2%9c%a8\/attachment\/01cb76b9-1560-4045-9d7e-63e4e95074ac-1\/\" class=\"wp-image-15223\" srcset=\"https:\/\/www.artenara.es\/portal-ciudadano\/wp-content\/uploads\/2026\/01\/01cb76b9-1560-4045-9d7e-63e4e95074ac-1-1024x711.jpg 1024w, https:\/\/www.artenara.es\/portal-ciudadano\/wp-content\/uploads\/2026\/01\/01cb76b9-1560-4045-9d7e-63e4e95074ac-1-300x208.jpg 300w, https:\/\/www.artenara.es\/portal-ciudadano\/wp-content\/uploads\/2026\/01\/01cb76b9-1560-4045-9d7e-63e4e95074ac-1-768x533.jpg 768w, https:\/\/www.artenara.es\/portal-ciudadano\/wp-content\/uploads\/2026\/01\/01cb76b9-1560-4045-9d7e-63e4e95074ac-1-418x290.jpg 418w, https:\/\/www.artenara.es\/portal-ciudadano\/wp-content\/uploads\/2026\/01\/01cb76b9-1560-4045-9d7e-63e4e95074ac-1.jpg 1297w\" sizes=\"(max-width: 1024px) 100vw, 1024px\" \/><\/figure><\/li><\/ul><\/figure>\n","protected":false},"excerpt":{"rendered":"<p>El municipio de Artenara est\u00e1 presente en #Fitur de la mano de la Red de Pueblos M\u00e1gicos de Espa\u00f1a, mostrando al mundo su esencia, su historia y su encanto \u00fanico. \ud83c\udf04 Adem\u00e1s, recibimos con orgullo el Premio Regional de Pueblos M\u00e1gicos de Espa\u00f1a, un reconocimiento que pone en valor nuestra identidad, nuestro patrimonio y el &hellip;<\/p>\n","protected":false},"author":4,"featured_media":15218,"comment_status":"closed","ping_status":"closed","sticky":false,"template":"","format":"standard","meta":[],"categories":[6,59,2,5,3],"tags":[54,741,740,743,635,742],"_links":{"self":[{"href":"https:\/\/www.artenara.es\/portal-ciudadano\/wp-json\/wp\/v2\/posts\/15216"}],"collection":[{"href":"https:\/\/www.artenara.es\/portal-ciudadano\/wp-json\/wp\/v2\/posts"}],"about":[{"href":"https:\/\/www.artenara.es\/portal-ciudadano\/wp-json\/wp\/v2\/types\/post"}],"author":[{"embeddable":true,"href":"https:\/\/www.artenara.es\/portal-ciudadano\/wp-json\/wp\/v2\/users\/4"}],"replies":[{"embeddable":true,"href":"https:\/\/www.artenara.es\/portal-ciudadano\/wp-json\/wp\/v2\/comments?post=15216"}],"version-history":[{"count":2,"href":"https:\/\/www.artenara.es\/portal-ciudadano\/wp-json\/wp\/v2\/posts\/15216\/revisions"}],"predecessor-version":[{"id":15224,"href":"https:\/\/www.artenara.es\/portal-ciudadano\/wp-json\/wp\/v2\/posts\/15216\/revisions\/15224"}],"wp:featuredmedia":[{"embeddable":true,"href":"https:\/\/www.artenara.es\/portal-ciudadano\/wp-json\/wp\/v2\/media\/15218"}],"wp:attachment":[{"href":"https:\/\/www.artenara.es\/portal-ciudadano\/wp-json\/wp\/v2\/media?parent=15216"}],"wp:term":[{"taxonomy":"category","embeddable":true,"href":"https:\/\/www.artenara.es\/portal-ciudadano\/wp-json\/wp\/v2\/categories?post=15216"},{"taxonomy":"post_tag","embeddable":true,"href":"https:\/\/www.artenara.es\/portal-ciudadano\/wp-json\/wp\/v2\/tags?post=15216"}],"curies":[{"name":"wp","href":"https:\/\/api.w.org\/{rel}","templated":true}]}}