{"id":15243,"date":"2026-01-27T14:15:39","date_gmt":"2026-01-27T14:15:39","guid":{"rendered":"https:\/\/www.artenara.es\/portal-ciudadano\/?p=15243"},"modified":"2026-01-27T14:21:57","modified_gmt":"2026-01-27T14:21:57","slug":"jornada-informativa-ventanilla-unica-tecnico-legal-ayudas-y-subvenciones-para-pymes-y-personas-emprendedoras-en-2026","status":"publish","type":"post","link":"https:\/\/www.artenara.es\/portal-ciudadano\/eventos\/jornada-informativa-ventanilla-unica-tecnico-legal-ayudas-y-subvenciones-para-pymes-y-personas-emprendedoras-en-2026\/","title":{"rendered":"Jornada informativa \u201cVentanilla \u00danica T\u00e9cnico &#8211; Legal: Ayudas y Subvenciones para PYMES y personas emprendedoras en 2026\u201d"},"content":{"rendered":"\n<p>Jornada informativa \u201cVentanilla \u00danica T\u00e9cnico - Legal: Ayudas y Subvenciones para PYMES y personas emprendedoras en 2026\u201d, organizada por el Ayuntamiento de Artenara, que se celebrar\u00e1 el s\u00e1bado 31 de enero, de 12:00 a 13:30 h, en el Centro Cultural Jos\u00e9 Antonio Luj\u00e1n Henr\u00edquez.<\/p>\n\n\n\n<p>La jornada se enmarca dentro del Servicio de Ventanilla \u00danica Legal y T\u00e9cnica, y est\u00e1 dirigida propietarios de viviendas interesados\/as en su alquiler o venta para la bolsa de viviendas que est\u00e1 creando el Ayuntamiento, a personas emprendedoras y peque\u00f1as y medianas empresas interesadas en conocer las principales l\u00edneas de ayudas previstas para el pr\u00f3ximo a\u00f1o.<\/p>\n\n\n\n<p>La jornada se enmarca dentro del Servicio de Ventanilla \u00danica Legal y T\u00e9cnica y tendr\u00e1 el siguiente enfoque:<\/p>\n\n\n\n<p>\u2022 En primer lugar, se presentar\u00e1n los servicios de la ventanilla \u00fanica en materia t\u00e9cnico-legal de vivienda, dirigidos tanto a personas propietarias como a aquellas que se encuentren buscando una vivienda en alquiler o en venta.<\/p>\n\n\n\n<p>\u2022 Posteriormente, se explicar\u00e1 el servicio de asesoramiento a personas emprendedoras, PYMES y personas desempleadas, incluyendo una charla espec\u00edfica sobre las principales ayudas y subvenciones previstas para 2026. <\/p>\n\n\n\n<p>Inscripci\u00f3n para la jornada en el siguiente enlace :  <\/p>\n\n\n\n<p>https:\/\/forms.gle\/wBqrdrxNewRR8aAE7   <\/p>\n\n\n\n<figure class=\"wp-block-image size-large\"><img src=\"https:\/\/www.artenara.es\/portal-ciudadano\/wp-content\/uploads\/2026\/01\/a7deffe4-285a-4aa5-ba99-ccc2a378d734-1-819x1024.jpg\" alt=\"\" class=\"wp-image-15246\"\/><\/figure>\n\n\n\n<figure class=\"wp-block-image size-large\"><img loading=\"lazy\" width=\"819\" height=\"1024\" src=\"https:\/\/www.artenara.es\/portal-ciudadano\/wp-content\/uploads\/2026\/01\/bef510bb-4e43-4b72-a10f-f70019abd894-1-819x1024.jpg\" alt=\"\" class=\"wp-image-15247\" srcset=\"https:\/\/www.artenara.es\/portal-ciudadano\/wp-content\/uploads\/2026\/01\/bef510bb-4e43-4b72-a10f-f70019abd894-1-819x1024.jpg 819w, https:\/\/www.artenara.es\/portal-ciudadano\/wp-content\/uploads\/2026\/01\/bef510bb-4e43-4b72-a10f-f70019abd894-1-240x300.jpg 240w, https:\/\/www.artenara.es\/portal-ciudadano\/wp-content\/uploads\/2026\/01\/bef510bb-4e43-4b72-a10f-f70019abd894-1-864x1080.jpg 864w, https:\/\/www.artenara.es\/portal-ciudadano\/wp-content\/uploads\/2026\/01\/bef510bb-4e43-4b72-a10f-f70019abd894-1-768x960.jpg 768w, https:\/\/www.artenara.es\/portal-ciudadano\/wp-content\/uploads\/2026\/01\/bef510bb-4e43-4b72-a10f-f70019abd894-1-418x522.jpg 418w, https:\/\/www.artenara.es\/portal-ciudadano\/wp-content\/uploads\/2026\/01\/bef510bb-4e43-4b72-a10f-f70019abd894-1.jpg 1081w\" sizes=\"(max-width: 819px) 100vw, 819px\" \/><\/figure>\n","protected":false},"excerpt":{"rendered":"<p>Jornada informativa \u201cVentanilla \u00danica T\u00e9cnico &#8211; Legal: Ayudas y Subvenciones para PYMES y personas emprendedoras en 2026\u201d, organizada por el Ayuntamiento de Artenara, que se celebrar\u00e1 el s\u00e1bado 31 de enero, de 12:00 a 13:30 h, en el Centro Cultural Jos\u00e9 Antonio Luj\u00e1n Henr\u00edquez. La jornada se enmarca dentro del Servicio de Ventanilla \u00danica Legal &hellip;<\/p>\n","protected":false},"author":4,"featured_media":15246,"comment_status":"closed","ping_status":"closed","sticky":false,"template":"","format":"standard","meta":[],"categories":[59,2,5,3],"tags":[54,134,752,751,132],"_links":{"self":[{"href":"https:\/\/www.artenara.es\/portal-ciudadano\/wp-json\/wp\/v2\/posts\/15243"}],"collection":[{"href":"https:\/\/www.artenara.es\/portal-ciudadano\/wp-json\/wp\/v2\/posts"}],"about":[{"href":"https:\/\/www.artenara.es\/portal-ciudadano\/wp-json\/wp\/v2\/types\/post"}],"author":[{"embeddable":true,"href":"https:\/\/www.artenara.es\/portal-ciudadano\/wp-json\/wp\/v2\/users\/4"}],"replies":[{"embeddable":true,"href":"https:\/\/www.artenara.es\/portal-ciudadano\/wp-json\/wp\/v2\/comments?post=15243"}],"version-history":[{"count":3,"href":"https:\/\/www.artenara.es\/portal-ciudadano\/wp-json\/wp\/v2\/posts\/15243\/revisions"}],"predecessor-version":[{"id":15250,"href":"https:\/\/www.artenara.es\/portal-ciudadano\/wp-json\/wp\/v2\/posts\/15243\/revisions\/15250"}],"wp:featuredmedia":[{"embeddable":true,"href":"https:\/\/www.artenara.es\/portal-ciudadano\/wp-json\/wp\/v2\/media\/15246"}],"wp:attachment":[{"href":"https:\/\/www.artenara.es\/portal-ciudadano\/wp-json\/wp\/v2\/media?parent=15243"}],"wp:term":[{"taxonomy":"category","embeddable":true,"href":"https:\/\/www.artenara.es\/portal-ciudadano\/wp-json\/wp\/v2\/categories?post=15243"},{"taxonomy":"post_tag","embeddable":true,"href":"https:\/\/www.artenara.es\/portal-ciudadano\/wp-json\/wp\/v2\/tags?post=15243"}],"curies":[{"name":"wp","href":"https:\/\/api.w.org\/{rel}","templated":true}]}}