{"id":15510,"date":"2026-03-11T09:03:00","date_gmt":"2026-03-11T09:03:00","guid":{"rendered":"https:\/\/www.artenara.es\/portal-ciudadano\/?p=15510"},"modified":"2026-03-13T10:02:27","modified_gmt":"2026-03-13T10:02:27","slug":"%f0%9f%a7%b5-nuevo-taller-de-patchwork-en-artenara","status":"publish","type":"post","link":"https:\/\/www.artenara.es\/portal-ciudadano\/social\/%f0%9f%a7%b5-nuevo-taller-de-patchwork-en-artenara\/","title":{"rendered":"\ud83e\uddf5 \u00a1Nuevo Taller de Patchwork en Artenara!"},"content":{"rendered":"\n<div class=\"wp-block-image\"><figure class=\"aligncenter size-large is-resized\"><img loading=\"lazy\" src=\"https:\/\/www.artenara.es\/portal-ciudadano\/wp-content\/uploads\/2026\/03\/CARTEL-PATCHWORK-819x1024.jpeg\" alt=\"\" class=\"wp-image-15511\" width=\"515\" height=\"644\"\/><\/figure><\/div>\n\n\n\n<p>Si te gusta crear con tus manos o quieres iniciarte en el patchwork, este taller es para ti.<\/p>\n\n\n\n<p>Se realizar\u00e1 los martes 14, 21 y 28 de abril y 5, 12 y 19 de mayo, de 17:00 a 20:00 h, en el Aula de Formaci\u00f3n.<\/p>\n\n\n\n<p>Las plazas son limitadas y puedes inscribirte hasta el 1 de abril de 2026 en el Departamento de Servicios Sociales.<br>M\u00e1s informaci\u00f3n en el tel\u00e9fono 928 666 117 (ext. 4), de lunes a viernes de 8 a 14 h.<\/p>\n\n\n\n<p>\u00a1An\u00edmate a participar y disfruta aprendiendo algo nuevo!<\/p>\n","protected":false},"excerpt":{"rendered":"<p>Si te gusta crear con tus manos o quieres iniciarte en el patchwork, este taller es para ti. Se realizar\u00e1 los martes 14, 21 y 28 de abril y 5, 12 y 19 de mayo, de 17:00 a 20:00 h, en el Aula de Formaci\u00f3n. Las plazas son limitadas y puedes inscribirte hasta el 1 &hellip;<\/p>\n","protected":false},"author":4,"featured_media":15515,"comment_status":"closed","ping_status":"closed","sticky":false,"template":"","format":"standard","meta":[],"categories":[845,3],"tags":[848,850,603,849],"_links":{"self":[{"href":"https:\/\/www.artenara.es\/portal-ciudadano\/wp-json\/wp\/v2\/posts\/15510"}],"collection":[{"href":"https:\/\/www.artenara.es\/portal-ciudadano\/wp-json\/wp\/v2\/posts"}],"about":[{"href":"https:\/\/www.artenara.es\/portal-ciudadano\/wp-json\/wp\/v2\/types\/post"}],"author":[{"embeddable":true,"href":"https:\/\/www.artenara.es\/portal-ciudadano\/wp-json\/wp\/v2\/users\/4"}],"replies":[{"embeddable":true,"href":"https:\/\/www.artenara.es\/portal-ciudadano\/wp-json\/wp\/v2\/comments?post=15510"}],"version-history":[{"count":3,"href":"https:\/\/www.artenara.es\/portal-ciudadano\/wp-json\/wp\/v2\/posts\/15510\/revisions"}],"predecessor-version":[{"id":15516,"href":"https:\/\/www.artenara.es\/portal-ciudadano\/wp-json\/wp\/v2\/posts\/15510\/revisions\/15516"}],"wp:featuredmedia":[{"embeddable":true,"href":"https:\/\/www.artenara.es\/portal-ciudadano\/wp-json\/wp\/v2\/media\/15515"}],"wp:attachment":[{"href":"https:\/\/www.artenara.es\/portal-ciudadano\/wp-json\/wp\/v2\/media?parent=15510"}],"wp:term":[{"taxonomy":"category","embeddable":true,"href":"https:\/\/www.artenara.es\/portal-ciudadano\/wp-json\/wp\/v2\/categories?post=15510"},{"taxonomy":"post_tag","embeddable":true,"href":"https:\/\/www.artenara.es\/portal-ciudadano\/wp-json\/wp\/v2\/tags?post=15510"}],"curies":[{"name":"wp","href":"https:\/\/api.w.org\/{rel}","templated":true}]}}