{"id":15517,"date":"2026-03-13T11:55:06","date_gmt":"2026-03-13T11:55:06","guid":{"rendered":"https:\/\/www.artenara.es\/portal-ciudadano\/?p=15517"},"modified":"2026-03-13T12:01:11","modified_gmt":"2026-03-13T12:01:11","slug":"ii-encuentro-de-mujeres-por-la-reserva-de-la-biosfera-de-gran-canaria-actividad-gratuita","status":"publish","type":"post","link":"https:\/\/www.artenara.es\/portal-ciudadano\/noticias\/ii-encuentro-de-mujeres-por-la-reserva-de-la-biosfera-de-gran-canaria-actividad-gratuita\/","title":{"rendered":"II ENCUENTRO DE MUJERES POR LA RESERVA DE LA BIOSFERA DE GRAN CANARIA &#8211; ACTIVIDAD GRATUITA"},"content":{"rendered":"\n<figure class=\"wp-block-image size-large\"><img src=\"https:\/\/www.artenara.es\/portal-ciudadano\/wp-content\/uploads\/2026\/03\/cartel-encuentro-mujeres-rb-819x1024.jpeg\" alt=\"\" class=\"wp-image-15518\"\/><\/figure>\n\n\n\n<p>Les invitamos al <em>Segundo Encuentro de Mujeres por la Reserva de la Biosfera de Gran Canaria<\/em> el s\u00e1bado <em>21 de marzo<\/em> de 2026 de 11:00 a 17:30 horas.<\/p>\n\n\n\n<p>\ud83d\udccden la Casa de la Juventud C\/ Placetilla de la Caldereta n\u00ba4 de la <em>Vega de San Mateo<\/em>.<\/p>\n\n\n\n<p>Tendremos espacio para compartir nuestras experiencias\ud83c\udf3f, disfrutar de un almuerzo gratuito\ud83e\uddc0 y los talleres de:<\/p>\n\n\n\n<p>Sonia P\u00e9rez - taller de d\u00e9cimas<br>Bajar la Madre - taller sentir la tierra<br>Sara Batista - bordando ra\u00edces<\/p>\n\n\n\n<p>Adem\u00e1s dispondremos de:<br>\ud83d\udc69\u200d\ud83d\udc67\u200d\ud83d\udc66una zona infantil con talleres para facilitar la conciliaci\u00f3n familiar<br>\ud83d\ude8ctransporte gratuito desde distintos puntos de los municipios que pertenecen a la Reserva de la Biosfera.<\/p>\n\n\n\n<p><em>Inscripciones:<\/em><br><a href=\"https:\/\/docs.google.com\/forms\/d\/e\/1FAIpQLSfLNw3ZkN3PC5PdPuYFI9PEfSuBJKRD6zYcYk3x1PCE0IhAEg\/viewform\" target=\"_blank\" rel=\"noreferrer noopener\">https:\/\/docs.google.com\/forms\/d\/e\/1FAIpQLSfLNw3ZkN3PC5PdPuYFI9PEfSuBJKRD6zYcYk3x1PCE0IhAEg\/viewform<\/a><\/p>\n","protected":false},"excerpt":{"rendered":"<p>Les invitamos al Segundo Encuentro de Mujeres por la Reserva de la Biosfera de Gran Canaria el s\u00e1bado 21 de marzo de 2026 de 11:00 a 17:30 horas. \ud83d\udccden la Casa de la Juventud C\/ Placetilla de la Caldereta n\u00ba4 de la Vega de San Mateo. Tendremos espacio para compartir nuestras experiencias\ud83c\udf3f, disfrutar de un &hellip;<\/p>\n","protected":false},"author":4,"featured_media":15518,"comment_status":"closed","ping_status":"closed","sticky":false,"template":"","format":"standard","meta":[],"categories":[845,2,1,5],"tags":[],"_links":{"self":[{"href":"https:\/\/www.artenara.es\/portal-ciudadano\/wp-json\/wp\/v2\/posts\/15517"}],"collection":[{"href":"https:\/\/www.artenara.es\/portal-ciudadano\/wp-json\/wp\/v2\/posts"}],"about":[{"href":"https:\/\/www.artenara.es\/portal-ciudadano\/wp-json\/wp\/v2\/types\/post"}],"author":[{"embeddable":true,"href":"https:\/\/www.artenara.es\/portal-ciudadano\/wp-json\/wp\/v2\/users\/4"}],"replies":[{"embeddable":true,"href":"https:\/\/www.artenara.es\/portal-ciudadano\/wp-json\/wp\/v2\/comments?post=15517"}],"version-history":[{"count":1,"href":"https:\/\/www.artenara.es\/portal-ciudadano\/wp-json\/wp\/v2\/posts\/15517\/revisions"}],"predecessor-version":[{"id":15519,"href":"https:\/\/www.artenara.es\/portal-ciudadano\/wp-json\/wp\/v2\/posts\/15517\/revisions\/15519"}],"wp:featuredmedia":[{"embeddable":true,"href":"https:\/\/www.artenara.es\/portal-ciudadano\/wp-json\/wp\/v2\/media\/15518"}],"wp:attachment":[{"href":"https:\/\/www.artenara.es\/portal-ciudadano\/wp-json\/wp\/v2\/media?parent=15517"}],"wp:term":[{"taxonomy":"category","embeddable":true,"href":"https:\/\/www.artenara.es\/portal-ciudadano\/wp-json\/wp\/v2\/categories?post=15517"},{"taxonomy":"post_tag","embeddable":true,"href":"https:\/\/www.artenara.es\/portal-ciudadano\/wp-json\/wp\/v2\/tags?post=15517"}],"curies":[{"name":"wp","href":"https:\/\/api.w.org\/{rel}","templated":true}]}}