{"id":15652,"date":"2026-04-26T10:04:30","date_gmt":"2026-04-26T10:04:30","guid":{"rendered":"https:\/\/www.artenara.es\/portal-ciudadano\/?p=15652"},"modified":"2026-04-26T10:08:06","modified_gmt":"2026-04-26T10:08:06","slug":"hugo-lemes-campeon-de-trial-juvenil","status":"publish","type":"post","link":"https:\/\/www.artenara.es\/portal-ciudadano\/noticias\/hugo-lemes-campeon-de-trial-juvenil\/","title":{"rendered":"HUGO LEMES, CAMPE\u00d3N DE TRIAL JUVENIL"},"content":{"rendered":"\n<figure class=\"wp-block-image size-large\"><img loading=\"lazy\" width=\"819\" height=\"1024\" src=\"https:\/\/www.artenara.es\/portal-ciudadano\/wp-content\/uploads\/2026\/04\/1001126857-819x1024.jpg\" alt=\"\" class=\"wp-image-15653\" srcset=\"https:\/\/www.artenara.es\/portal-ciudadano\/wp-content\/uploads\/2026\/04\/1001126857-819x1024.jpg 819w, https:\/\/www.artenara.es\/portal-ciudadano\/wp-content\/uploads\/2026\/04\/1001126857-240x300.jpg 240w, https:\/\/www.artenara.es\/portal-ciudadano\/wp-content\/uploads\/2026\/04\/1001126857-864x1080.jpg 864w, https:\/\/www.artenara.es\/portal-ciudadano\/wp-content\/uploads\/2026\/04\/1001126857-768x960.jpg 768w, https:\/\/www.artenara.es\/portal-ciudadano\/wp-content\/uploads\/2026\/04\/1001126857-1229x1536.jpg 1229w, https:\/\/www.artenara.es\/portal-ciudadano\/wp-content\/uploads\/2026\/04\/1001126857-1638x2048.jpg 1638w, https:\/\/www.artenara.es\/portal-ciudadano\/wp-content\/uploads\/2026\/04\/1001126857-418x523.jpg 418w, https:\/\/www.artenara.es\/portal-ciudadano\/wp-content\/uploads\/2026\/04\/1001126857.jpg 2048w\" sizes=\"(max-width: 819px) 100vw, 819px\" \/><\/figure>\n\n\n\n<p>El joven artenarense Hugo Lemes se ha proclamado campe\u00f3n de la segunda prueba del Campeonato de Espa\u00f1a de Trial en categor\u00eda Juvenil B, celebrada este fin de semana en Sig\u00fcenza.<\/p>\n\n\n\n<figure class=\"wp-block-image size-large\"><img loading=\"lazy\" width=\"819\" height=\"1024\" src=\"https:\/\/www.artenara.es\/portal-ciudadano\/wp-content\/uploads\/2026\/04\/1001126855-819x1024.jpg\" alt=\"\" class=\"wp-image-15655\" srcset=\"https:\/\/www.artenara.es\/portal-ciudadano\/wp-content\/uploads\/2026\/04\/1001126855-819x1024.jpg 819w, https:\/\/www.artenara.es\/portal-ciudadano\/wp-content\/uploads\/2026\/04\/1001126855-240x300.jpg 240w, https:\/\/www.artenara.es\/portal-ciudadano\/wp-content\/uploads\/2026\/04\/1001126855-864x1080.jpg 864w, https:\/\/www.artenara.es\/portal-ciudadano\/wp-content\/uploads\/2026\/04\/1001126855-768x960.jpg 768w, https:\/\/www.artenara.es\/portal-ciudadano\/wp-content\/uploads\/2026\/04\/1001126855-1229x1536.jpg 1229w, https:\/\/www.artenara.es\/portal-ciudadano\/wp-content\/uploads\/2026\/04\/1001126855-1638x2048.jpg 1638w, https:\/\/www.artenara.es\/portal-ciudadano\/wp-content\/uploads\/2026\/04\/1001126855-418x523.jpg 418w, https:\/\/www.artenara.es\/portal-ciudadano\/wp-content\/uploads\/2026\/04\/1001126855.jpg 2048w\" sizes=\"(max-width: 819px) 100vw, 819px\" \/><\/figure>\n\n\n\n<p>Lemes firm\u00f3 una actuaci\u00f3n impecable, imponi\u00e9ndose al resto de pilotos con 0 puntos de penalizaci\u00f3n, demostrando un gran nivel t\u00e9cnico y concentraci\u00f3n en una prueba muy exigente.<\/p>\n\n\n\n<figure class=\"wp-block-image size-large\"><img loading=\"lazy\" width=\"819\" height=\"1024\" src=\"https:\/\/www.artenara.es\/portal-ciudadano\/wp-content\/uploads\/2026\/04\/1001126858-819x1024.jpg\" alt=\"\" class=\"wp-image-15656\" srcset=\"https:\/\/www.artenara.es\/portal-ciudadano\/wp-content\/uploads\/2026\/04\/1001126858-819x1024.jpg 819w, https:\/\/www.artenara.es\/portal-ciudadano\/wp-content\/uploads\/2026\/04\/1001126858-240x300.jpg 240w, https:\/\/www.artenara.es\/portal-ciudadano\/wp-content\/uploads\/2026\/04\/1001126858-864x1080.jpg 864w, https:\/\/www.artenara.es\/portal-ciudadano\/wp-content\/uploads\/2026\/04\/1001126858-768x960.jpg 768w, https:\/\/www.artenara.es\/portal-ciudadano\/wp-content\/uploads\/2026\/04\/1001126858-1229x1536.jpg 1229w, https:\/\/www.artenara.es\/portal-ciudadano\/wp-content\/uploads\/2026\/04\/1001126858-418x523.jpg 418w, https:\/\/www.artenara.es\/portal-ciudadano\/wp-content\/uploads\/2026\/04\/1001126858.jpg 1536w\" sizes=\"(max-width: 819px) 100vw, 819px\" \/><\/figure>\n\n\n\n<p>Este triunfo refuerza su proyecci\u00f3n en el campeonato y supone un motivo de orgullo para Artenara, que ve c\u00f3mo uno de sus j\u00f3venes destacan a nivel nacional.<\/p>\n","protected":false},"excerpt":{"rendered":"<p>El joven artenarense Hugo Lemes se ha proclamado campe\u00f3n de la segunda prueba del Campeonato de Espa\u00f1a de Trial en categor\u00eda Juvenil B, celebrada este fin de semana en Sig\u00fcenza. Lemes firm\u00f3 una actuaci\u00f3n impecable, imponi\u00e9ndose al resto de pilotos con 0 puntos de penalizaci\u00f3n, demostrando un gran nivel t\u00e9cnico y concentraci\u00f3n en una prueba &hellip;<\/p>\n","protected":false},"author":4,"featured_media":15653,"comment_status":"open","ping_status":"open","sticky":false,"template":"","format":"standard","meta":[],"categories":[4,1,5],"tags":[],"_links":{"self":[{"href":"https:\/\/www.artenara.es\/portal-ciudadano\/wp-json\/wp\/v2\/posts\/15652"}],"collection":[{"href":"https:\/\/www.artenara.es\/portal-ciudadano\/wp-json\/wp\/v2\/posts"}],"about":[{"href":"https:\/\/www.artenara.es\/portal-ciudadano\/wp-json\/wp\/v2\/types\/post"}],"author":[{"embeddable":true,"href":"https:\/\/www.artenara.es\/portal-ciudadano\/wp-json\/wp\/v2\/users\/4"}],"replies":[{"embeddable":true,"href":"https:\/\/www.artenara.es\/portal-ciudadano\/wp-json\/wp\/v2\/comments?post=15652"}],"version-history":[{"count":3,"href":"https:\/\/www.artenara.es\/portal-ciudadano\/wp-json\/wp\/v2\/posts\/15652\/revisions"}],"predecessor-version":[{"id":15658,"href":"https:\/\/www.artenara.es\/portal-ciudadano\/wp-json\/wp\/v2\/posts\/15652\/revisions\/15658"}],"wp:featuredmedia":[{"embeddable":true,"href":"https:\/\/www.artenara.es\/portal-ciudadano\/wp-json\/wp\/v2\/media\/15653"}],"wp:attachment":[{"href":"https:\/\/www.artenara.es\/portal-ciudadano\/wp-json\/wp\/v2\/media?parent=15652"}],"wp:term":[{"taxonomy":"category","embeddable":true,"href":"https:\/\/www.artenara.es\/portal-ciudadano\/wp-json\/wp\/v2\/categories?post=15652"},{"taxonomy":"post_tag","embeddable":true,"href":"https:\/\/www.artenara.es\/portal-ciudadano\/wp-json\/wp\/v2\/tags?post=15652"}],"curies":[{"name":"wp","href":"https:\/\/api.w.org\/{rel}","templated":true}]}}