{"id":3513,"date":"2020-07-31T15:02:13","date_gmt":"2020-07-31T15:02:13","guid":{"rendered":"http:\/\/ld-wp.template-help.com\/wordpress_62222_default-sample\/?p=1"},"modified":"2020-12-17T12:45:41","modified_gmt":"2020-12-17T12:45:41","slug":"nueva-edicion-del-mercado-agricola-y-ganadero-de-artenara","status":"publish","type":"post","link":"https:\/\/www.artenara.es\/portal-ciudadano\/noticias\/nueva-edicion-del-mercado-agricola-y-ganadero-de-artenara\/","title":{"rendered":"Nueva edici\u00f3n del mercado agr\u00edcola y ganadero de Artenara"},"content":{"rendered":"<p>El s\u00e1bado 8 de agosto, de 9:00 a 15:00 horas, en la Plaza de San Mat\u00edas, tendr\u00e1 lugar una nueva edici\u00f3n del Mercado Agr\u00edcola y Ganadero de Artenara.<\/p>\n<p>\u00a1\u00a1Te esperamos!!<\/p>\n","protected":false},"excerpt":{"rendered":"<p>El s\u00e1bado 8 de agosto, de 9:00 a 15:00 horas, en la Plaza de San Mat\u00edas, tendr\u00e1 lugar una nueva edici\u00f3n del Mercado Agr\u00edcola y Ganadero de Artenara.<\/p>\n","protected":false},"author":4,"featured_media":8535,"comment_status":"closed","ping_status":"closed","sticky":false,"template":"","format":"standard","meta":[],"categories":[1],"tags":[],"_links":{"self":[{"href":"https:\/\/www.artenara.es\/portal-ciudadano\/wp-json\/wp\/v2\/posts\/3513"}],"collection":[{"href":"https:\/\/www.artenara.es\/portal-ciudadano\/wp-json\/wp\/v2\/posts"}],"about":[{"href":"https:\/\/www.artenara.es\/portal-ciudadano\/wp-json\/wp\/v2\/types\/post"}],"author":[{"embeddable":true,"href":"https:\/\/www.artenara.es\/portal-ciudadano\/wp-json\/wp\/v2\/users\/4"}],"replies":[{"embeddable":true,"href":"https:\/\/www.artenara.es\/portal-ciudadano\/wp-json\/wp\/v2\/comments?post=3513"}],"version-history":[{"count":3,"href":"https:\/\/www.artenara.es\/portal-ciudadano\/wp-json\/wp\/v2\/posts\/3513\/revisions"}],"predecessor-version":[{"id":8536,"href":"https:\/\/www.artenara.es\/portal-ciudadano\/wp-json\/wp\/v2\/posts\/3513\/revisions\/8536"}],"wp:featuredmedia":[{"embeddable":true,"href":"https:\/\/www.artenara.es\/portal-ciudadano\/wp-json\/wp\/v2\/media\/8535"}],"wp:attachment":[{"href":"https:\/\/www.artenara.es\/portal-ciudadano\/wp-json\/wp\/v2\/media?parent=3513"}],"wp:term":[{"taxonomy":"category","embeddable":true,"href":"https:\/\/www.artenara.es\/portal-ciudadano\/wp-json\/wp\/v2\/categories?post=3513"},{"taxonomy":"post_tag","embeddable":true,"href":"https:\/\/www.artenara.es\/portal-ciudadano\/wp-json\/wp\/v2\/tags?post=3513"}],"curies":[{"name":"wp","href":"https:\/\/api.w.org\/{rel}","templated":true}]}}