{"id":9378,"date":"2021-01-15T11:15:18","date_gmt":"2021-01-15T11:15:18","guid":{"rendered":"https:\/\/artenara.es\/portal-ciudadano\/?p=9378"},"modified":"2021-01-15T11:16:29","modified_gmt":"2021-01-15T11:16:29","slug":"artenara-nueva-presidencia-de-la-mancomunidad-del-norte","status":"publish","type":"post","link":"https:\/\/www.artenara.es\/portal-ciudadano\/noticias\/artenara-nueva-presidencia-de-la-mancomunidad-del-norte\/","title":{"rendered":"Artenara nueva presidencia de la Mancomunidad del Norte."},"content":{"rendered":"\n<p>El Nuevo Teatro Viejo de Arucas acogi\u00f3 la toma de posesi\u00f3n del nuevo presidente de la Mancomunidad de Ayuntamientos del Norte de Gran Canaria, Jes\u00fas D\u00edaz Luj\u00e1n, Alcalde de Artenara, en sustituci\u00f3n de Tom\u00e1s P\u00e9rez Jim\u00e9nez, Alcalde de La Aldea de San Nicol\u00e1s. Acompa\u00f1ados por Juan Jes\u00fas Facundo Su\u00e1rez , alcalde de Arucas y Gonzalo Rosario Ramos, alcalde de Teror, para asumir las vicepresidencias primera y segunda respectivamente.<\/p>\n\n\n\n<figure class=\"wp-block-image size-large\"><img loading=\"lazy\" width=\"1024\" height=\"498\" src=\"https:\/\/artenara.es\/portal-ciudadano\/wp-content\/uploads\/2021\/01\/WhatsApp-Image-2021-01-15-at-09.54.17-3-1024x498.jpeg\" alt=\"\" class=\"wp-image-9379\" srcset=\"https:\/\/www.artenara.es\/portal-ciudadano\/wp-content\/uploads\/2021\/01\/WhatsApp-Image-2021-01-15-at-09.54.17-3-1024x498.jpeg 1024w, https:\/\/www.artenara.es\/portal-ciudadano\/wp-content\/uploads\/2021\/01\/WhatsApp-Image-2021-01-15-at-09.54.17-3-300x146.jpeg 300w, https:\/\/www.artenara.es\/portal-ciudadano\/wp-content\/uploads\/2021\/01\/WhatsApp-Image-2021-01-15-at-09.54.17-3-768x373.jpeg 768w, https:\/\/www.artenara.es\/portal-ciudadano\/wp-content\/uploads\/2021\/01\/WhatsApp-Image-2021-01-15-at-09.54.17-3-1536x747.jpeg 1536w, https:\/\/www.artenara.es\/portal-ciudadano\/wp-content\/uploads\/2021\/01\/WhatsApp-Image-2021-01-15-at-09.54.17-3-418x203.jpeg 418w, https:\/\/www.artenara.es\/portal-ciudadano\/wp-content\/uploads\/2021\/01\/WhatsApp-Image-2021-01-15-at-09.54.17-3.jpeg 2016w\" sizes=\"(max-width: 1024px) 100vw, 1024px\" \/><\/figure>\n\n\n\n<p class=\"has-normal-font-size\">El alcalde del Ilustre ayuntamiento de Artenara, don Jes\u00fas D\u00edaz Luj\u00e1n, acoge el relevo de la presidencia de la Mancomunidad del Norte con ilusi\u00f3n y ganas de trabajar en los nuevos proyectos que son necesarios para afrontar la crisis que vivimos en estos momentos y continuar con los proyectos tales como, la continuaci\u00f3n de la implementaci\u00f3n de la Agenda 2030 en el Norte de Gran Canaria, apoyar e impulsar al sector agr\u00edcola y ganadero, muy importante en nuestras regiones y para nuestra gente, crear nuevas estrategias, m\u00e1s necesarias que nunca en estos tiempos, para reforzar y afianzar el turismo del norte, y por supuesto y no menos importante, proyectos de energ\u00edas renovables, como ya se pueden ver con las instalaciones de puntos de carga de autom\u00f3viles el\u00e9ctricos, o la mejora de la brecha digital con la continuaci\u00f3n de la instalaci\u00f3n de fibra y atender a los avances de nuevas tecnolog\u00edas, para estar al d\u00eda en nuestros municipios.<\/p>\n\n\n\n<p>Todo esto en un a\u00f1o que se presume dif\u00edcil, pero con la mayor de las ganas y el esfuerzo para continuar con el crecimiento de los municipios del norte.<\/p>\n\n\n\n<p>\ud83d\udc99\ud83e\udd0d\ud83d\udc9a<\/p>\n\n\n\n<figure class=\"wp-block-gallery columns-3 is-cropped\"><ul class=\"blocks-gallery-grid\"><li class=\"blocks-gallery-item\"><figure><img loading=\"lazy\" width=\"1024\" height=\"498\" src=\"https:\/\/artenara.es\/portal-ciudadano\/wp-content\/uploads\/2021\/01\/WhatsApp-Image-2021-01-15-at-09.54.17-1024x498.jpeg\" alt=\"\" data-id=\"9380\" data-link=\"https:\/\/artenara.es\/portal-ciudadano\/?attachment_id=9380\" class=\"wp-image-9380\" srcset=\"https:\/\/www.artenara.es\/portal-ciudadano\/wp-content\/uploads\/2021\/01\/WhatsApp-Image-2021-01-15-at-09.54.17-1024x498.jpeg 1024w, https:\/\/www.artenara.es\/portal-ciudadano\/wp-content\/uploads\/2021\/01\/WhatsApp-Image-2021-01-15-at-09.54.17-300x146.jpeg 300w, https:\/\/www.artenara.es\/portal-ciudadano\/wp-content\/uploads\/2021\/01\/WhatsApp-Image-2021-01-15-at-09.54.17-768x373.jpeg 768w, https:\/\/www.artenara.es\/portal-ciudadano\/wp-content\/uploads\/2021\/01\/WhatsApp-Image-2021-01-15-at-09.54.17-1536x747.jpeg 1536w, https:\/\/www.artenara.es\/portal-ciudadano\/wp-content\/uploads\/2021\/01\/WhatsApp-Image-2021-01-15-at-09.54.17-418x203.jpeg 418w, https:\/\/www.artenara.es\/portal-ciudadano\/wp-content\/uploads\/2021\/01\/WhatsApp-Image-2021-01-15-at-09.54.17.jpeg 2016w\" sizes=\"(max-width: 1024px) 100vw, 1024px\" \/><\/figure><\/li><li class=\"blocks-gallery-item\"><figure><img loading=\"lazy\" width=\"1024\" height=\"768\" src=\"https:\/\/artenara.es\/portal-ciudadano\/wp-content\/uploads\/2021\/01\/WhatsApp-Image-2021-01-15-at-09.58.02-1024x768.jpeg\" alt=\"\" data-id=\"9381\" data-link=\"https:\/\/artenara.es\/portal-ciudadano\/?attachment_id=9381\" class=\"wp-image-9381\" srcset=\"https:\/\/www.artenara.es\/portal-ciudadano\/wp-content\/uploads\/2021\/01\/WhatsApp-Image-2021-01-15-at-09.58.02-1024x768.jpeg 1024w, https:\/\/www.artenara.es\/portal-ciudadano\/wp-content\/uploads\/2021\/01\/WhatsApp-Image-2021-01-15-at-09.58.02-300x225.jpeg 300w, https:\/\/www.artenara.es\/portal-ciudadano\/wp-content\/uploads\/2021\/01\/WhatsApp-Image-2021-01-15-at-09.58.02-295x222.jpeg 295w, https:\/\/www.artenara.es\/portal-ciudadano\/wp-content\/uploads\/2021\/01\/WhatsApp-Image-2021-01-15-at-09.58.02-768x576.jpeg 768w, https:\/\/www.artenara.es\/portal-ciudadano\/wp-content\/uploads\/2021\/01\/WhatsApp-Image-2021-01-15-at-09.58.02-1536x1152.jpeg 1536w, https:\/\/www.artenara.es\/portal-ciudadano\/wp-content\/uploads\/2021\/01\/WhatsApp-Image-2021-01-15-at-09.58.02-418x314.jpeg 418w, https:\/\/www.artenara.es\/portal-ciudadano\/wp-content\/uploads\/2021\/01\/WhatsApp-Image-2021-01-15-at-09.58.02-1200x900.jpeg 1200w, https:\/\/www.artenara.es\/portal-ciudadano\/wp-content\/uploads\/2021\/01\/WhatsApp-Image-2021-01-15-at-09.58.02.jpeg 1600w\" sizes=\"(max-width: 1024px) 100vw, 1024px\" \/><\/figure><\/li><li class=\"blocks-gallery-item\"><figure><img loading=\"lazy\" width=\"1024\" height=\"498\" src=\"https:\/\/artenara.es\/portal-ciudadano\/wp-content\/uploads\/2021\/01\/WhatsApp-Image-2021-01-15-at-09.54.18-2-1024x498.jpeg\" alt=\"\" data-id=\"9385\" data-full-url=\"https:\/\/artenara.es\/portal-ciudadano\/wp-content\/uploads\/2021\/01\/WhatsApp-Image-2021-01-15-at-09.54.18-2.jpeg\" data-link=\"https:\/\/artenara.es\/portal-ciudadano\/?attachment_id=9385\" class=\"wp-image-9385\" srcset=\"https:\/\/www.artenara.es\/portal-ciudadano\/wp-content\/uploads\/2021\/01\/WhatsApp-Image-2021-01-15-at-09.54.18-2-1024x498.jpeg 1024w, https:\/\/www.artenara.es\/portal-ciudadano\/wp-content\/uploads\/2021\/01\/WhatsApp-Image-2021-01-15-at-09.54.18-2-300x146.jpeg 300w, https:\/\/www.artenara.es\/portal-ciudadano\/wp-content\/uploads\/2021\/01\/WhatsApp-Image-2021-01-15-at-09.54.18-2-768x373.jpeg 768w, https:\/\/www.artenara.es\/portal-ciudadano\/wp-content\/uploads\/2021\/01\/WhatsApp-Image-2021-01-15-at-09.54.18-2-1536x747.jpeg 1536w, https:\/\/www.artenara.es\/portal-ciudadano\/wp-content\/uploads\/2021\/01\/WhatsApp-Image-2021-01-15-at-09.54.18-2-418x203.jpeg 418w, https:\/\/www.artenara.es\/portal-ciudadano\/wp-content\/uploads\/2021\/01\/WhatsApp-Image-2021-01-15-at-09.54.18-2.jpeg 2016w\" sizes=\"(max-width: 1024px) 100vw, 1024px\" \/><\/figure><\/li><\/ul><\/figure>\n\n\n\n<div class=\"wp-block-group\"><div class=\"wp-block-group__inner-container\">\n<figure class=\"wp-block-video\"><video controls src=\"https:\/\/artenara.es\/portal-ciudadano\/wp-content\/uploads\/2021\/01\/WhatsApp-Video-2021-01-15-at-09.54.18.mp4\"><\/video><\/figure>\n<\/div><\/div>\n","protected":false},"excerpt":{"rendered":"<p>El Nuevo Teatro Viejo de Arucas acogi\u00f3 la toma de posesi\u00f3n del nuevo presidente de la Mancomunidad de Ayuntamientos del Norte de Gran Canaria, Jes\u00fas D\u00edaz Luj\u00e1n, Alcalde de Artenara, en sustituci\u00f3n de Tom\u00e1s P\u00e9rez Jim\u00e9nez, Alcalde de La Aldea de San Nicol\u00e1s. Acompa\u00f1ados por Juan Jes\u00fas Facundo Su\u00e1rez , alcalde de Arucas y Gonzalo &hellip;<\/p>\n","protected":false},"author":4,"featured_media":9379,"comment_status":"closed","ping_status":"open","sticky":false,"template":"","format":"standard","meta":[],"categories":[6,4,1,3],"tags":[76,54,77,56,75,55,72,73,74],"_links":{"self":[{"href":"https:\/\/www.artenara.es\/portal-ciudadano\/wp-json\/wp\/v2\/posts\/9378"}],"collection":[{"href":"https:\/\/www.artenara.es\/portal-ciudadano\/wp-json\/wp\/v2\/posts"}],"about":[{"href":"https:\/\/www.artenara.es\/portal-ciudadano\/wp-json\/wp\/v2\/types\/post"}],"author":[{"embeddable":true,"href":"https:\/\/www.artenara.es\/portal-ciudadano\/wp-json\/wp\/v2\/users\/4"}],"replies":[{"embeddable":true,"href":"https:\/\/www.artenara.es\/portal-ciudadano\/wp-json\/wp\/v2\/comments?post=9378"}],"version-history":[{"count":4,"href":"https:\/\/www.artenara.es\/portal-ciudadano\/wp-json\/wp\/v2\/posts\/9378\/revisions"}],"predecessor-version":[{"id":9389,"href":"https:\/\/www.artenara.es\/portal-ciudadano\/wp-json\/wp\/v2\/posts\/9378\/revisions\/9389"}],"wp:featuredmedia":[{"embeddable":true,"href":"https:\/\/www.artenara.es\/portal-ciudadano\/wp-json\/wp\/v2\/media\/9379"}],"wp:attachment":[{"href":"https:\/\/www.artenara.es\/portal-ciudadano\/wp-json\/wp\/v2\/media?parent=9378"}],"wp:term":[{"taxonomy":"category","embeddable":true,"href":"https:\/\/www.artenara.es\/portal-ciudadano\/wp-json\/wp\/v2\/categories?post=9378"},{"taxonomy":"post_tag","embeddable":true,"href":"https:\/\/www.artenara.es\/portal-ciudadano\/wp-json\/wp\/v2\/tags?post=9378"}],"curies":[{"name":"wp","href":"https:\/\/api.w.org\/{rel}","templated":true}]}}