{"id":9448,"date":"2021-02-08T14:36:38","date_gmt":"2021-02-08T14:36:38","guid":{"rendered":"https:\/\/artenara.es\/portal-ciudadano\/?p=9448"},"modified":"2021-02-08T14:36:38","modified_gmt":"2021-02-08T14:36:38","slug":"i-feria-de-las-tradiciones","status":"publish","type":"post","link":"https:\/\/www.artenara.es\/portal-ciudadano\/desarrollo-local\/i-feria-de-las-tradiciones\/","title":{"rendered":"&#8221; I FERIA DE LAS TRADICIONES&#8221;"},"content":{"rendered":"\n<p><strong><u>CONCEJAL\u00cdA DE EMPLEO Y DESARROLLO LOCAL DEL ILUSTRE AYUNTAMIENTO DE ARTENARA<\/u><\/strong><\/p>\n\n\n\n<p><strong>COMUNICA:<\/strong><\/p>\n\n\n\n<p>Hoy se cumple un a\u00f1o que se celebr\u00f3 la \u201cI Feria de las Tradiciones de Artenara\u201d, el 8 y 9 de febrero, subvencionada dentro del Plan de Rehabilitaci\u00f3n Econ\u00f3mica y Medioambiental de Gran Canaria, Programa La Cumbre Vive de la Consejer\u00eda de Industria, Comercio y Artesan\u00eda del Excmo. Cabildo de Gran Canaria, con el objetivo de dinamizar la econom\u00eda de este municipio.<\/p>\n\n\n\n<p>Visto el \u00e9xito del a\u00f1o anterior y la gran afluencia de p\u00fablico<a> <span class=\"has-inline-color has-black-color\">esta Concejal\u00eda <\/span><\/a>ha subvencionado la segunda edici\u00f3n de la Feria de las tradiciones de Artenara con una cantidad de 68.420,00 euros, a celebrar durante el este a\u00f1o.<\/p>\n\n\n\n<p class=\"has-normal-font-size\">Dado que actualmente no se pueden realizar actos multitudinarios debido a la pandemia que estamos padeciendo, se ha decidido retrasar la realizaci\u00f3n de este evento, esperando poder celebrarlo entre los meses de junio y octubre. &nbsp;<\/p>\n\n\n\n<figure class=\"wp-block-video\"><video controls src=\"https:\/\/artenara.es\/portal-ciudadano\/wp-content\/uploads\/2021\/02\/WhatsApp-Video-2021-02-08-at-11.38.58-1.mp4\"><\/video><figcaption><strong>I Feria de las Tradiciones 2020<\/strong><\/figcaption><\/figure>\n","protected":false},"excerpt":{"rendered":"<p>CONCEJAL\u00cdA DE EMPLEO Y DESARROLLO LOCAL DEL ILUSTRE AYUNTAMIENTO DE ARTENARA COMUNICA: Hoy se cumple un a\u00f1o que se celebr\u00f3 la \u201cI Feria de las Tradiciones de Artenara\u201d, el 8 y 9 de febrero, subvencionada dentro del Plan de Rehabilitaci\u00f3n Econ\u00f3mica y Medioambiental de Gran Canaria, Programa La Cumbre Vive de la Consejer\u00eda de Industria, &hellip;<\/p>\n","protected":false},"author":4,"featured_media":9449,"comment_status":"closed","ping_status":"open","sticky":false,"template":"","format":"standard","meta":[],"categories":[59],"tags":[54,88,89,92,97,90,91],"_links":{"self":[{"href":"https:\/\/www.artenara.es\/portal-ciudadano\/wp-json\/wp\/v2\/posts\/9448"}],"collection":[{"href":"https:\/\/www.artenara.es\/portal-ciudadano\/wp-json\/wp\/v2\/posts"}],"about":[{"href":"https:\/\/www.artenara.es\/portal-ciudadano\/wp-json\/wp\/v2\/types\/post"}],"author":[{"embeddable":true,"href":"https:\/\/www.artenara.es\/portal-ciudadano\/wp-json\/wp\/v2\/users\/4"}],"replies":[{"embeddable":true,"href":"https:\/\/www.artenara.es\/portal-ciudadano\/wp-json\/wp\/v2\/comments?post=9448"}],"version-history":[{"count":1,"href":"https:\/\/www.artenara.es\/portal-ciudadano\/wp-json\/wp\/v2\/posts\/9448\/revisions"}],"predecessor-version":[{"id":9451,"href":"https:\/\/www.artenara.es\/portal-ciudadano\/wp-json\/wp\/v2\/posts\/9448\/revisions\/9451"}],"wp:featuredmedia":[{"embeddable":true,"href":"https:\/\/www.artenara.es\/portal-ciudadano\/wp-json\/wp\/v2\/media\/9449"}],"wp:attachment":[{"href":"https:\/\/www.artenara.es\/portal-ciudadano\/wp-json\/wp\/v2\/media?parent=9448"}],"wp:term":[{"taxonomy":"category","embeddable":true,"href":"https:\/\/www.artenara.es\/portal-ciudadano\/wp-json\/wp\/v2\/categories?post=9448"},{"taxonomy":"post_tag","embeddable":true,"href":"https:\/\/www.artenara.es\/portal-ciudadano\/wp-json\/wp\/v2\/tags?post=9448"}],"curies":[{"name":"wp","href":"https:\/\/api.w.org\/{rel}","templated":true}]}}