{"id":9455,"date":"2021-02-09T14:29:43","date_gmt":"2021-02-09T14:29:43","guid":{"rendered":"https:\/\/artenara.es\/portal-ciudadano\/?p=9455"},"modified":"2021-02-09T14:33:39","modified_gmt":"2021-02-09T14:33:39","slug":"competencias-en-tecnologias-de-la-informacion-y-la-comunicacion","status":"publish","type":"post","link":"https:\/\/www.artenara.es\/portal-ciudadano\/eventos\/competencias-en-tecnologias-de-la-informacion-y-la-comunicacion\/","title":{"rendered":"Competencias en tecnolog\u00edas de la informaci\u00f3n y la comunicaci\u00f3n."},"content":{"rendered":"\n<p>Es momento de aprender y crecer profesional y personalmente. Actualmente las redes y las tecnolog\u00edas son cada vez m\u00e1s demandadas y saber sobe ellas nos hace estar al d\u00eda.<\/p>\n\n\n\n<figure class=\"wp-block-gallery columns-1 is-cropped\"><ul class=\"blocks-gallery-grid\"><li class=\"blocks-gallery-item\"><figure><img src=\"https:\/\/artenara.es\/portal-ciudadano\/wp-content\/uploads\/2021\/02\/radio-ecca-725x1024.jpg\" alt=\"\" data-id=\"9456\" data-full-url=\"https:\/\/artenara.es\/portal-ciudadano\/wp-content\/uploads\/2021\/02\/radio-ecca-scaled.jpg\" data-link=\"https:\/\/artenara.es\/portal-ciudadano\/?attachment_id=9456\" class=\"wp-image-9456\"\/><\/figure><\/li><\/ul><\/figure>\n\n\n\n<p>Inf\u00f3rmate sin compromiso en el  aula de formaci\u00f3n de Artenara, Martes de 10:00 a 11:30<\/p>\n\n\n\n<p><img loading=\"lazy\" height=\"16\" width=\"16\" alt=\"\ud83d\udce7\" src=\"https:\/\/www.facebook.com\/images\/emoji.php\/v9\/tbe\/1\/16\/1f4e7.png\"> martin@radioecca.org \/ sanmateo@radioecca.org<\/p>\n\n\n\n<p><img loading=\"lazy\" height=\"16\" width=\"16\" alt=\"\u260e\ufe0f\" src=\"https:\/\/www.facebook.com\/images\/emoji.php\/v9\/t22\/1\/16\/260e.png\">672-232-554<\/p>\n","protected":false},"excerpt":{"rendered":"<p>Es momento de aprender y crecer profesional y personalmente. Actualmente las redes y las tecnolog\u00edas son cada vez m\u00e1s demandadas y saber sobe ellas nos hace estar al d\u00eda. Inf\u00f3rmate sin compromiso en el aula de formaci\u00f3n de Artenara, Martes de 10:00 a 11:30 martin@radioecca.org \/ sanmateo@radioecca.org 672-232-554<\/p>\n","protected":false},"author":4,"featured_media":9456,"comment_status":"closed","ping_status":"open","sticky":false,"template":"","format":"standard","meta":[],"categories":[2],"tags":[],"_links":{"self":[{"href":"https:\/\/www.artenara.es\/portal-ciudadano\/wp-json\/wp\/v2\/posts\/9455"}],"collection":[{"href":"https:\/\/www.artenara.es\/portal-ciudadano\/wp-json\/wp\/v2\/posts"}],"about":[{"href":"https:\/\/www.artenara.es\/portal-ciudadano\/wp-json\/wp\/v2\/types\/post"}],"author":[{"embeddable":true,"href":"https:\/\/www.artenara.es\/portal-ciudadano\/wp-json\/wp\/v2\/users\/4"}],"replies":[{"embeddable":true,"href":"https:\/\/www.artenara.es\/portal-ciudadano\/wp-json\/wp\/v2\/comments?post=9455"}],"version-history":[{"count":2,"href":"https:\/\/www.artenara.es\/portal-ciudadano\/wp-json\/wp\/v2\/posts\/9455\/revisions"}],"predecessor-version":[{"id":9460,"href":"https:\/\/www.artenara.es\/portal-ciudadano\/wp-json\/wp\/v2\/posts\/9455\/revisions\/9460"}],"wp:featuredmedia":[{"embeddable":true,"href":"https:\/\/www.artenara.es\/portal-ciudadano\/wp-json\/wp\/v2\/media\/9456"}],"wp:attachment":[{"href":"https:\/\/www.artenara.es\/portal-ciudadano\/wp-json\/wp\/v2\/media?parent=9455"}],"wp:term":[{"taxonomy":"category","embeddable":true,"href":"https:\/\/www.artenara.es\/portal-ciudadano\/wp-json\/wp\/v2\/categories?post=9455"},{"taxonomy":"post_tag","embeddable":true,"href":"https:\/\/www.artenara.es\/portal-ciudadano\/wp-json\/wp\/v2\/tags?post=9455"}],"curies":[{"name":"wp","href":"https:\/\/api.w.org\/{rel}","templated":true}]}}