{"id":9546,"date":"2021-02-28T10:00:02","date_gmt":"2021-02-28T10:00:02","guid":{"rendered":"https:\/\/artenara.es\/portal-ciudadano\/?p=9546"},"modified":"2021-02-27T18:16:41","modified_gmt":"2021-02-27T18:16:41","slug":"como-cada-febrero-san-matias","status":"publish","type":"post","link":"https:\/\/www.artenara.es\/portal-ciudadano\/cultura\/como-cada-febrero-san-matias\/","title":{"rendered":"Como cada febrero, San Mat\u00edas"},"content":{"rendered":"\n<p>San Mat\u00edas Patr\u00f3n de nuestro municipio, no pod\u00eda quedarse sin que le homenaje\u00e1ramos de alguna forma, en este v\u00eddeo podr\u00e1s pasar un rato agradable, escuchando grandes voces, que dedican sus canciones a Artenara y a nuestro patr\u00f3n. Desde la concejal\u00eda de Cultura de Artenara, esperamos lo disfruten, y les hagan pasar un d\u00eda agradable y agradecer a todas las personas que han dedicado su tiempo para que se hiciera posible. <\/p>\n\n\n\n<p>Para ver v\u00eddeo pinche aqu\u00ed: <a href=\"https:\/\/youtu.be\/YFdao4lTQAU\">https:\/\/youtu.be\/YFdao4lTQAU<\/a><\/p>\n\n\n\n<p>Pronto nos volveremos a ver festejando este d\u00eda. <\/p>\n\n\n\n<figure class=\"wp-block-image size-large\"><img loading=\"lazy\" width=\"585\" height=\"390\" src=\"https:\/\/artenara.es\/portal-ciudadano\/wp-content\/uploads\/2021\/02\/78192-san-matias-el-patron.jpg\" alt=\"\" class=\"wp-image-9552\" srcset=\"https:\/\/www.artenara.es\/portal-ciudadano\/wp-content\/uploads\/2021\/02\/78192-san-matias-el-patron.jpg 585w, https:\/\/www.artenara.es\/portal-ciudadano\/wp-content\/uploads\/2021\/02\/78192-san-matias-el-patron-300x200.jpg 300w, https:\/\/www.artenara.es\/portal-ciudadano\/wp-content\/uploads\/2021\/02\/78192-san-matias-el-patron-418x279.jpg 418w\" sizes=\"(max-width: 585px) 100vw, 585px\" \/><\/figure>\n\n\n\n<p><\/p>\n","protected":false},"excerpt":{"rendered":"<p>San Mat\u00edas Patr\u00f3n de nuestro municipio, no pod\u00eda quedarse sin que le homenaje\u00e1ramos de alguna forma, en este v\u00eddeo podr\u00e1s pasar un rato agradable, escuchando grandes voces, que dedican sus canciones a Artenara y a nuestro patr\u00f3n. Desde la concejal\u00eda de Cultura de Artenara, esperamos lo disfruten, y les hagan pasar un d\u00eda agradable y &hellip;<\/p>\n","protected":false},"author":4,"featured_media":9547,"comment_status":"closed","ping_status":"open","sticky":false,"template":"","format":"standard","meta":[],"categories":[6],"tags":[54,116,121,68,119,69,117,120,118],"_links":{"self":[{"href":"https:\/\/www.artenara.es\/portal-ciudadano\/wp-json\/wp\/v2\/posts\/9546"}],"collection":[{"href":"https:\/\/www.artenara.es\/portal-ciudadano\/wp-json\/wp\/v2\/posts"}],"about":[{"href":"https:\/\/www.artenara.es\/portal-ciudadano\/wp-json\/wp\/v2\/types\/post"}],"author":[{"embeddable":true,"href":"https:\/\/www.artenara.es\/portal-ciudadano\/wp-json\/wp\/v2\/users\/4"}],"replies":[{"embeddable":true,"href":"https:\/\/www.artenara.es\/portal-ciudadano\/wp-json\/wp\/v2\/comments?post=9546"}],"version-history":[{"count":4,"href":"https:\/\/www.artenara.es\/portal-ciudadano\/wp-json\/wp\/v2\/posts\/9546\/revisions"}],"predecessor-version":[{"id":9553,"href":"https:\/\/www.artenara.es\/portal-ciudadano\/wp-json\/wp\/v2\/posts\/9546\/revisions\/9553"}],"wp:featuredmedia":[{"embeddable":true,"href":"https:\/\/www.artenara.es\/portal-ciudadano\/wp-json\/wp\/v2\/media\/9547"}],"wp:attachment":[{"href":"https:\/\/www.artenara.es\/portal-ciudadano\/wp-json\/wp\/v2\/media?parent=9546"}],"wp:term":[{"taxonomy":"category","embeddable":true,"href":"https:\/\/www.artenara.es\/portal-ciudadano\/wp-json\/wp\/v2\/categories?post=9546"},{"taxonomy":"post_tag","embeddable":true,"href":"https:\/\/www.artenara.es\/portal-ciudadano\/wp-json\/wp\/v2\/tags?post=9546"}],"curies":[{"name":"wp","href":"https:\/\/api.w.org\/{rel}","templated":true}]}}