{"id":9705,"date":"2021-05-06T13:11:03","date_gmt":"2021-05-06T13:11:03","guid":{"rendered":"https:\/\/artenara.es\/portal-ciudadano\/?p=9705"},"modified":"2021-05-06T13:11:03","modified_gmt":"2021-05-06T13:11:03","slug":"visita-de-la-consejera-del-area-de-industria-comercio-artesania-y-vivienda-del-cabildo-de-gran-canaria","status":"publish","type":"post","link":"https:\/\/www.artenara.es\/portal-ciudadano\/desarrollo-local\/visita-de-la-consejera-del-area-de-industria-comercio-artesania-y-vivienda-del-cabildo-de-gran-canaria\/","title":{"rendered":"Visita de la Consejera del \u00c1rea de Industria, Comercio, Artesan\u00eda y Vivienda del Cabildo de Gran Canaria."},"content":{"rendered":"\n<p>Minerva Alonso Santana, Consejera del \u00c1rea de Industria, Comercio, Artesan\u00eda y Vivienda del Cabildo de Gran Canaria, visit\u00f3 el municipio de Artenara, manteniendo una primera reuni\u00f3n con el Se\u00f1or Alcalde D. Jes\u00fas D\u00edaz Lujan y con los Concejales del Grupo de Gobierno, donde expuso las l\u00edneas de actuaci\u00f3n de su consejer\u00eda con respecto al municipio de Artenara.<\/p>\n\n\n\n<figure class=\"wp-block-gallery columns-2 is-cropped\"><ul class=\"blocks-gallery-grid\"><li class=\"blocks-gallery-item\"><figure><img loading=\"lazy\" width=\"768\" height=\"1024\" src=\"https:\/\/artenara.es\/portal-ciudadano\/wp-content\/uploads\/2021\/05\/WhatsApp-Image-2021-05-06-at-13.43.15-2.jpeg\" alt=\"\" data-id=\"9706\" data-link=\"https:\/\/artenara.es\/portal-ciudadano\/?attachment_id=9706\" class=\"wp-image-9706\" srcset=\"https:\/\/www.artenara.es\/portal-ciudadano\/wp-content\/uploads\/2021\/05\/WhatsApp-Image-2021-05-06-at-13.43.15-2.jpeg 768w, https:\/\/www.artenara.es\/portal-ciudadano\/wp-content\/uploads\/2021\/05\/WhatsApp-Image-2021-05-06-at-13.43.15-2-225x300.jpeg 225w, https:\/\/www.artenara.es\/portal-ciudadano\/wp-content\/uploads\/2021\/05\/WhatsApp-Image-2021-05-06-at-13.43.15-2-418x557.jpeg 418w, https:\/\/www.artenara.es\/portal-ciudadano\/wp-content\/uploads\/2021\/05\/WhatsApp-Image-2021-05-06-at-13.43.15-2-89x120.jpeg 89w, https:\/\/www.artenara.es\/portal-ciudadano\/wp-content\/uploads\/2021\/05\/WhatsApp-Image-2021-05-06-at-13.43.15-2-141x188.jpeg 141w\" sizes=\"(max-width: 768px) 100vw, 768px\" \/><\/figure><\/li><li class=\"blocks-gallery-item\"><figure><img loading=\"lazy\" width=\"724\" height=\"1024\" src=\"https:\/\/artenara.es\/portal-ciudadano\/wp-content\/uploads\/2021\/05\/Escrito-Area-Industria-724x1024.jpg\" alt=\"\" data-id=\"9707\" data-full-url=\"https:\/\/artenara.es\/portal-ciudadano\/wp-content\/uploads\/2021\/05\/Escrito-Area-Industria.jpg\" data-link=\"https:\/\/artenara.es\/portal-ciudadano\/?attachment_id=9707\" class=\"wp-image-9707\" srcset=\"https:\/\/www.artenara.es\/portal-ciudadano\/wp-content\/uploads\/2021\/05\/Escrito-Area-Industria-724x1024.jpg 724w, https:\/\/www.artenara.es\/portal-ciudadano\/wp-content\/uploads\/2021\/05\/Escrito-Area-Industria-212x300.jpg 212w, https:\/\/www.artenara.es\/portal-ciudadano\/wp-content\/uploads\/2021\/05\/Escrito-Area-Industria-768x1086.jpg 768w, https:\/\/www.artenara.es\/portal-ciudadano\/wp-content\/uploads\/2021\/05\/Escrito-Area-Industria-1086x1536.jpg 1086w, https:\/\/www.artenara.es\/portal-ciudadano\/wp-content\/uploads\/2021\/05\/Escrito-Area-Industria-1448x2048.jpg 1448w, https:\/\/www.artenara.es\/portal-ciudadano\/wp-content\/uploads\/2021\/05\/Escrito-Area-Industria-418x591.jpg 418w, https:\/\/www.artenara.es\/portal-ciudadano\/wp-content\/uploads\/2021\/05\/Escrito-Area-Industria.jpg 1654w\" sizes=\"(max-width: 724px) 100vw, 724px\" \/><\/figure><\/li><\/ul><\/figure>\n","protected":false},"excerpt":{"rendered":"<p>Minerva Alonso Santana, Consejera del \u00c1rea de Industria, Comercio, Artesan\u00eda y Vivienda del Cabildo de Gran Canaria, visit\u00f3 el municipio de Artenara, manteniendo una primera reuni\u00f3n con el Se\u00f1or Alcalde D. Jes\u00fas D\u00edaz Lujan y con los Concejales del Grupo de Gobierno, donde expuso las l\u00edneas de actuaci\u00f3n de su consejer\u00eda con respecto al municipio &hellip;<\/p>\n","protected":false},"author":4,"featured_media":9706,"comment_status":"open","ping_status":"open","sticky":false,"template":"","format":"standard","meta":[],"categories":[59],"tags":[],"_links":{"self":[{"href":"https:\/\/www.artenara.es\/portal-ciudadano\/wp-json\/wp\/v2\/posts\/9705"}],"collection":[{"href":"https:\/\/www.artenara.es\/portal-ciudadano\/wp-json\/wp\/v2\/posts"}],"about":[{"href":"https:\/\/www.artenara.es\/portal-ciudadano\/wp-json\/wp\/v2\/types\/post"}],"author":[{"embeddable":true,"href":"https:\/\/www.artenara.es\/portal-ciudadano\/wp-json\/wp\/v2\/users\/4"}],"replies":[{"embeddable":true,"href":"https:\/\/www.artenara.es\/portal-ciudadano\/wp-json\/wp\/v2\/comments?post=9705"}],"version-history":[{"count":1,"href":"https:\/\/www.artenara.es\/portal-ciudadano\/wp-json\/wp\/v2\/posts\/9705\/revisions"}],"predecessor-version":[{"id":9708,"href":"https:\/\/www.artenara.es\/portal-ciudadano\/wp-json\/wp\/v2\/posts\/9705\/revisions\/9708"}],"wp:featuredmedia":[{"embeddable":true,"href":"https:\/\/www.artenara.es\/portal-ciudadano\/wp-json\/wp\/v2\/media\/9706"}],"wp:attachment":[{"href":"https:\/\/www.artenara.es\/portal-ciudadano\/wp-json\/wp\/v2\/media?parent=9705"}],"wp:term":[{"taxonomy":"category","embeddable":true,"href":"https:\/\/www.artenara.es\/portal-ciudadano\/wp-json\/wp\/v2\/categories?post=9705"},{"taxonomy":"post_tag","embeddable":true,"href":"https:\/\/www.artenara.es\/portal-ciudadano\/wp-json\/wp\/v2\/tags?post=9705"}],"curies":[{"name":"wp","href":"https:\/\/api.w.org\/{rel}","templated":true}]}}