{"id":9742,"date":"2021-05-25T11:41:32","date_gmt":"2021-05-25T11:41:32","guid":{"rendered":"https:\/\/artenara.es\/portal-ciudadano\/?p=9742"},"modified":"2021-05-25T11:41:33","modified_gmt":"2021-05-25T11:41:33","slug":"instalacion-de-una-tuberia-desde-el-casco-de-artenara-hasta-acusa-verde","status":"publish","type":"post","link":"https:\/\/www.artenara.es\/portal-ciudadano\/social\/instalacion-de-una-tuberia-desde-el-casco-de-artenara-hasta-acusa-verde\/","title":{"rendered":"Instalaci\u00f3n de una tuber\u00eda desde el casco de Artenara hasta Acusa Verde"},"content":{"rendered":"\n<p>El Cabildo extender\u00e1 una tuber\u00eda de 4.709 metros de longitud en las cumbres de la isla para llevar por gravedad agua de la galer\u00eda de Las Arbejas-Los Arroyos desde el casco de Artenara a la zona agr\u00edcola de la Vega de Acusa, para lo que reserva un presupuesto de 341.000 euros.<\/p>\n\n\n\n<p>Los trabajos que acaba de licitar la Consejer\u00eda de Sector Primario pretenden aprovechar los excedentes de agua en periodos concretos del a\u00f1o que genera la galer\u00eda, con un caudal de 192 metros c\u00fabicos al d\u00eda, comprada por el Ayuntamiento en la parte alta del municipio.<\/p>\n\n\n\n<p>Estando en la actualidad \u00abinfrautilizada\u00bb, quiere destinar los excedentes al riego y la ganader\u00eda en los barrios de Ventanieves, Candelaria-Vega de Acusa y Acusa Seca, escasos en recursos h\u00eddricos, mejorando la disponibilidad de agua de calidad del sector primario. Tambi\u00e9n podr\u00e1 suministrar agua a la finca de Tirma, del Cabildo, objetivo secundario de la actuaci\u00f3n.<\/p>\n\n\n\n<p>Con un plazo de ejecuci\u00f3n de seis meses, la tuber\u00eda unir\u00e1 la zona de El Toril con Ventanieves, con un desnivel de 340 metros, atravesando 3.459 metros del Parque Rural del Nublo, 595 del Paisaje Protegido de Las Cumbres y 655 metros del casco de Artenara. Como gran parte del trazado de la tuber\u00eda discurre por espacios naturales protegidos, ir\u00e1 en zanjas y donde la instalaci\u00f3n soterrada sea de mayor impacto para el entorno y\/o t\u00e9cnicamente inviable, especialmente en zonas de laderas rocosas, ir\u00e1 sobre rasante con un tratamiento especial para su mimetizaci\u00f3n y forrado de piedra del lugar.<\/p>\n\n\n\n<p>El plazo para presentar ofertas vence el pr\u00f3ximo 27 de mayo y el \u00fanico criterio de adjudicaci\u00f3n del concurso ser\u00e1 el precio de ejecuci\u00f3n.<\/p>\n","protected":false},"excerpt":{"rendered":"<p>El Cabildo extender\u00e1 una tuber\u00eda de 4.709 metros de longitud en las cumbres de la isla para llevar por gravedad agua de la galer\u00eda de Las Arbejas-Los Arroyos desde el casco de Artenara a la zona agr\u00edcola de la Vega de Acusa, para lo que reserva un presupuesto de 341.000 euros. Los trabajos que acaba &hellip;<\/p>\n","protected":false},"author":4,"featured_media":8499,"comment_status":"open","ping_status":"open","sticky":false,"template":"","format":"standard","meta":[],"categories":[3],"tags":[184,182,54,80,185,183],"_links":{"self":[{"href":"https:\/\/www.artenara.es\/portal-ciudadano\/wp-json\/wp\/v2\/posts\/9742"}],"collection":[{"href":"https:\/\/www.artenara.es\/portal-ciudadano\/wp-json\/wp\/v2\/posts"}],"about":[{"href":"https:\/\/www.artenara.es\/portal-ciudadano\/wp-json\/wp\/v2\/types\/post"}],"author":[{"embeddable":true,"href":"https:\/\/www.artenara.es\/portal-ciudadano\/wp-json\/wp\/v2\/users\/4"}],"replies":[{"embeddable":true,"href":"https:\/\/www.artenara.es\/portal-ciudadano\/wp-json\/wp\/v2\/comments?post=9742"}],"version-history":[{"count":1,"href":"https:\/\/www.artenara.es\/portal-ciudadano\/wp-json\/wp\/v2\/posts\/9742\/revisions"}],"predecessor-version":[{"id":9743,"href":"https:\/\/www.artenara.es\/portal-ciudadano\/wp-json\/wp\/v2\/posts\/9742\/revisions\/9743"}],"wp:featuredmedia":[{"embeddable":true,"href":"https:\/\/www.artenara.es\/portal-ciudadano\/wp-json\/wp\/v2\/media\/8499"}],"wp:attachment":[{"href":"https:\/\/www.artenara.es\/portal-ciudadano\/wp-json\/wp\/v2\/media?parent=9742"}],"wp:term":[{"taxonomy":"category","embeddable":true,"href":"https:\/\/www.artenara.es\/portal-ciudadano\/wp-json\/wp\/v2\/categories?post=9742"},{"taxonomy":"post_tag","embeddable":true,"href":"https:\/\/www.artenara.es\/portal-ciudadano\/wp-json\/wp\/v2\/tags?post=9742"}],"curies":[{"name":"wp","href":"https:\/\/api.w.org\/{rel}","templated":true}]}}